{"id":2346,"date":"2016-06-17T09:47:21","date_gmt":"2016-06-17T09:47:21","guid":{"rendered":"http:\/\/www.neurotablet.com\/?p=2346"},"modified":"2016-06-17T09:47:21","modified_gmt":"2016-06-17T09:47:21","slug":"cose-la-memoria","status":"publish","type":"post","link":"https:\/\/www.neurotablet.com\/?p=2346","title":{"rendered":"Cos\u2019\u00e8 la memoria?"},"content":{"rendered":"<p>La memoria \u00e8 un insieme di processi essenziali per la nostra vita. Senza la memoria del passato non potremmo agire nel presente o pensare al futuro. Non saremmo capaci di ricordare cosa abbiamo fatto ieri, cosa abbiamo fatto oggi o cosa abbiamo pianificato per domani. Inoltre, senza la memoria non potremmo imparare nulla.<\/p>\n<p>In psicologia il termine memoria si riferisce a quella capacit\u00e0 mentale di <u>codificare<\/u>, <u>immagazzinare<\/u> e <u>recuperare<\/u> informazioni.<\/p>\n<ul>\n<li>La <strong><u>codifica<\/u><\/strong> di informazioni \u00e8 un processo che rende possibile la conversione delle informazioni, provenienti da input sensoriali, in un formato immagazzinabile nel nostro sistema. Alcune informazioni possono essere codificate senza consapevolezza, altre con intenzione. Ad esempio siamo capaci di ricordare cosa abbiamo mangiato ieri anche se non abbiamo fatto nessuno sforzo consapevole per immagazzinare tale informazione in memoria, mentre uno studente che memorizza i contenuti di un libro, lo fa con l\u2019intenzione di ricordare.<\/li>\n<li>Il processo di <strong><u>immagazzinamento<\/u><\/strong> \u00e8 adibito al mantenimento e all\u2019archiviazione di informazioni. Generalmente si considera che l\u2019informazione pu\u00f2 essere immagazzinata in modo sequenziale da tre sistemi di memoria: la memoria sensoriale, la memoria a breve termine e la memoria a lungo termine.\n<ul>\n<li>La <em>memoria sensoriale<\/em> \u00e8 un processo in grado di memorizzare informazioni sensoriali (tattili, uditive, olfattive, visive, gusto) per pochi millisecondi o secondi. La creazione di un ricordo inizia quindi sempre con la sua percezione.<\/li>\n<li>La <em>memoria a breve termine<\/em> \u00e8 in grado di trattenere informazioni per 20-30 secondi oppure di rendere possibile la reiterazione di informazioni, come quando ripetiamo un numero di telefono per non scordarlo. Perci\u00f2, \u00e8 identificata anche come memoria <em>di lavoro<\/em>, poich\u00e9 non \u00e8 solo un temporaneo magazzino di informazione, ma \u00e8 fondamentale anche per mantenere tali informazioni durante la loro esaminazione, una sorta di spazio di lavoro per manipolare e combinare le informazioni.<\/li>\n<li>Le informazioni dalla memoria a breve termine possono essere trasferite alla <em>memoria a lungo termine<\/em>, e viceversa. La memoria a lungo termine \u00e8 il magazzino dei nostri ricordi, cio\u00e8 di tutte le informazioni che abbiamo acquisito. Esso ha una capacit\u00e0 pi\u00f9 o meno infinita e le informazioni contenute possono durare per tutta la vita di un individuo.<\/li>\n<\/ul>\n<\/li>\n<\/ul>\n<ul>\n<li>Il <strong><u>recupero<\/u><\/strong>, infine, \u00e8 il processo che permette di estrarre le informazioni dalla memoria grazie ad un sistema di associazione con informazioni precedentemente rievocate e con il contesto nel quale si \u00e8 inseriti.<\/li>\n<\/ul>\n<p>I processi di memoria possono essere distinti in tre categorie principali:<\/p>\n<p><u>Memoria implicita vs memoria esplicita<\/u>: la prima comprende le informazioni che entrano in memoria inconsciamente e non traducibili verbalmente , mente la memoria esplicita \u00e8 conscia e intenzionale e facilmente esprimibile attraverso il linguaggio.<\/p>\n<p><u>Memoria dichiarativa vs memoria procedurale<\/u>. La prima permette il richiamo di informazioni fattuali come dati, parole, facce, eventi e concetti. La seconda permette il ricordo di procedure riguardo al come fare delle azioni, come guidare o nuotare.<\/p>\n<p><u>Memoria semantica vs memoria episodica<\/u>. La prima permette il ricordo di fatti generali, parole, concetti ma anche loro propriet\u00e0 e relazioni reciproche, mentre la seconda riguarda il ricordo di fatti personali, autobiografici.<\/p>\n","protected":false},"excerpt":{"rendered":"<p>La memoria \u00e8 un insieme di processi essenziali per la nostra vita. Senza la memoria del passato non potremmo agire nel presente o pensare al futuro.<span class=\"excerpt-hellip\"> [\u2026]<\/span><\/p>\n","protected":false},"author":1,"featured_media":2348,"comment_status":"closed","ping_status":"closed","sticky":false,"template":"","format":"standard","meta":{"jetpack_post_was_ever_published":false,"_jetpack_newsletter_access":"","_jetpack_dont_email_post_to_subs":false,"_jetpack_newsletter_tier_id":0,"_jetpack_memberships_contains_paywalled_content":false,"_jetpack_memberships_contains_paid_content":false,"footnotes":"","jetpack_publicize_message":"","jetpack_publicize_feature_enabled":true,"jetpack_social_post_already_shared":true,"jetpack_social_options":{"image_generator_settings":{"template":"highway","default_image_id":0,"font":"","enabled":false},"version":2}},"categories":[],"tags":[],"class_list":["post-2346","post","type-post","status-publish","format-standard","has-post-thumbnail","hentry"],"yoast_head":"<!-- This site is optimized with the Yoast SEO plugin v26.2 - https:\/\/yoast.com\/wordpress\/plugins\/seo\/ -->\n<title>Cos\u2019\u00e8 la memoria? - Neurotablet by Neurab<\/title>\n<meta name=\"robots\" content=\"index, follow, max-snippet:-1, max-image-preview:large, max-video-preview:-1\" \/>\n<link rel=\"canonical\" href=\"https:\/\/www.neurotablet.com\/?p=2346\" \/>\n<meta property=\"og:locale\" content=\"it_IT\" \/>\n<meta property=\"og:type\" content=\"article\" \/>\n<meta property=\"og:title\" content=\"Cos\u2019\u00e8 la memoria? - Neurotablet by Neurab\" \/>\n<meta property=\"og:description\" content=\"La memoria \u00e8 un insieme di processi essenziali per la nostra vita. Senza la memoria del passato non potremmo agire nel presente o pensare al futuro. [\u2026]\" \/>\n<meta property=\"og:url\" content=\"https:\/\/www.neurotablet.com\/?p=2346\" \/>\n<meta property=\"og:site_name\" content=\"Neurotablet by Neurab\" \/>\n<meta property=\"article:published_time\" content=\"2016-06-17T09:47:21+00:00\" \/>\n<meta property=\"og:image\" content=\"https:\/\/i0.wp.com\/www.neurotablet.com\/wp-content\/uploads\/2016\/06\/memoria-cervello.jpg?fit=800%2C500&ssl=1\" \/>\n\t<meta property=\"og:image:width\" content=\"800\" \/>\n\t<meta property=\"og:image:height\" content=\"500\" \/>\n\t<meta property=\"og:image:type\" content=\"image\/jpeg\" \/>\n<meta name=\"author\" content=\"admin\" \/>\n<meta name=\"twitter:card\" content=\"summary_large_image\" \/>\n<meta name=\"twitter:label1\" content=\"Scritto da\" \/>\n\t<meta name=\"twitter:data1\" content=\"admin\" \/>\n\t<meta name=\"twitter:label2\" content=\"Tempo di lettura stimato\" \/>\n\t<meta name=\"twitter:data2\" content=\"2 minuti\" \/>\n<script type=\"application\/ld+json\" class=\"yoast-schema-graph\">{\"@context\":\"https:\/\/schema.org\",\"@graph\":[{\"@type\":\"WebPage\",\"@id\":\"https:\/\/www.neurotablet.com\/?p=2346\",\"url\":\"https:\/\/www.neurotablet.com\/?p=2346\",\"name\":\"Cos\u2019\u00e8 la memoria? - Neurotablet by Neurab\",\"isPartOf\":{\"@id\":\"https:\/\/www.neurotablet.com\/#website\"},\"primaryImageOfPage\":{\"@id\":\"https:\/\/www.neurotablet.com\/?p=2346#primaryimage\"},\"image\":{\"@id\":\"https:\/\/www.neurotablet.com\/?p=2346#primaryimage\"},\"thumbnailUrl\":\"https:\/\/i0.wp.com\/www.neurotablet.com\/wp-content\/uploads\/2016\/06\/memoria-cervello.jpg?fit=800%2C500&ssl=1\",\"datePublished\":\"2016-06-17T09:47:21+00:00\",\"author\":{\"@id\":\"https:\/\/www.neurotablet.com\/#\/schema\/person\/37588eea76483a80ad799bb6abd2b5e7\"},\"breadcrumb\":{\"@id\":\"https:\/\/www.neurotablet.com\/?p=2346#breadcrumb\"},\"inLanguage\":\"it-IT\",\"potentialAction\":[{\"@type\":\"ReadAction\",\"target\":[\"https:\/\/www.neurotablet.com\/?p=2346\"]}]},{\"@type\":\"ImageObject\",\"inLanguage\":\"it-IT\",\"@id\":\"https:\/\/www.neurotablet.com\/?p=2346#primaryimage\",\"url\":\"https:\/\/i0.wp.com\/www.neurotablet.com\/wp-content\/uploads\/2016\/06\/memoria-cervello.jpg?fit=800%2C500&ssl=1\",\"contentUrl\":\"https:\/\/i0.wp.com\/www.neurotablet.com\/wp-content\/uploads\/2016\/06\/memoria-cervello.jpg?fit=800%2C500&ssl=1\",\"width\":800,\"height\":500,\"caption\":\"brain\"},{\"@type\":\"BreadcrumbList\",\"@id\":\"https:\/\/www.neurotablet.com\/?p=2346#breadcrumb\",\"itemListElement\":[{\"@type\":\"ListItem\",\"position\":1,\"name\":\"Home\",\"item\":\"https:\/\/www.neurotablet.com\/\"},{\"@type\":\"ListItem\",\"position\":2,\"name\":\"Cos\u2019\u00e8 la memoria?\"}]},{\"@type\":\"WebSite\",\"@id\":\"https:\/\/www.neurotablet.com\/#website\",\"url\":\"https:\/\/www.neurotablet.com\/\",\"name\":\"Neurotablet by Neurab\",\"description\":\"Il tablet per la riabilitazione a distanza\",\"potentialAction\":[{\"@type\":\"SearchAction\",\"target\":{\"@type\":\"EntryPoint\",\"urlTemplate\":\"https:\/\/www.neurotablet.com\/?s={search_term_string}\"},\"query-input\":{\"@type\":\"PropertyValueSpecification\",\"valueRequired\":true,\"valueName\":\"search_term_string\"}}],\"inLanguage\":\"it-IT\"},{\"@type\":\"Person\",\"@id\":\"https:\/\/www.neurotablet.com\/#\/schema\/person\/37588eea76483a80ad799bb6abd2b5e7\",\"name\":\"admin\",\"image\":{\"@type\":\"ImageObject\",\"inLanguage\":\"it-IT\",\"@id\":\"https:\/\/www.neurotablet.com\/#\/schema\/person\/image\/\",\"url\":\"https:\/\/secure.gravatar.com\/avatar\/e702a12059779f0e379a0bbd5debb2e661e4cfa6212fd05ac05e59e8852de9b9?s=96&d=mm&r=g\",\"contentUrl\":\"https:\/\/secure.gravatar.com\/avatar\/e702a12059779f0e379a0bbd5debb2e661e4cfa6212fd05ac05e59e8852de9b9?s=96&d=mm&r=g\",\"caption\":\"admin\"},\"url\":\"https:\/\/www.neurotablet.com\/?author=1\"}]}<\/script>\n<!-- \/ Yoast SEO plugin. -->","yoast_head_json":{"title":"Cos\u2019\u00e8 la memoria? - Neurotablet by Neurab","robots":{"index":"index","follow":"follow","max-snippet":"max-snippet:-1","max-image-preview":"max-image-preview:large","max-video-preview":"max-video-preview:-1"},"canonical":"https:\/\/www.neurotablet.com\/?p=2346","og_locale":"it_IT","og_type":"article","og_title":"Cos\u2019\u00e8 la memoria? - Neurotablet by Neurab","og_description":"La memoria \u00e8 un insieme di processi essenziali per la nostra vita. Senza la memoria del passato non potremmo agire nel presente o pensare al futuro. [\u2026]","og_url":"https:\/\/www.neurotablet.com\/?p=2346","og_site_name":"Neurotablet by Neurab","article_published_time":"2016-06-17T09:47:21+00:00","og_image":[{"width":800,"height":500,"url":"https:\/\/i0.wp.com\/www.neurotablet.com\/wp-content\/uploads\/2016\/06\/memoria-cervello.jpg?fit=800%2C500&ssl=1","type":"image\/jpeg"}],"author":"admin","twitter_card":"summary_large_image","twitter_misc":{"Scritto da":"admin","Tempo di lettura stimato":"2 minuti"},"schema":{"@context":"https:\/\/schema.org","@graph":[{"@type":"WebPage","@id":"https:\/\/www.neurotablet.com\/?p=2346","url":"https:\/\/www.neurotablet.com\/?p=2346","name":"Cos\u2019\u00e8 la memoria? - Neurotablet by Neurab","isPartOf":{"@id":"https:\/\/www.neurotablet.com\/#website"},"primaryImageOfPage":{"@id":"https:\/\/www.neurotablet.com\/?p=2346#primaryimage"},"image":{"@id":"https:\/\/www.neurotablet.com\/?p=2346#primaryimage"},"thumbnailUrl":"https:\/\/i0.wp.com\/www.neurotablet.com\/wp-content\/uploads\/2016\/06\/memoria-cervello.jpg?fit=800%2C500&ssl=1","datePublished":"2016-06-17T09:47:21+00:00","author":{"@id":"https:\/\/www.neurotablet.com\/#\/schema\/person\/37588eea76483a80ad799bb6abd2b5e7"},"breadcrumb":{"@id":"https:\/\/www.neurotablet.com\/?p=2346#breadcrumb"},"inLanguage":"it-IT","potentialAction":[{"@type":"ReadAction","target":["https:\/\/www.neurotablet.com\/?p=2346"]}]},{"@type":"ImageObject","inLanguage":"it-IT","@id":"https:\/\/www.neurotablet.com\/?p=2346#primaryimage","url":"https:\/\/i0.wp.com\/www.neurotablet.com\/wp-content\/uploads\/2016\/06\/memoria-cervello.jpg?fit=800%2C500&ssl=1","contentUrl":"https:\/\/i0.wp.com\/www.neurotablet.com\/wp-content\/uploads\/2016\/06\/memoria-cervello.jpg?fit=800%2C500&ssl=1","width":800,"height":500,"caption":"brain"},{"@type":"BreadcrumbList","@id":"https:\/\/www.neurotablet.com\/?p=2346#breadcrumb","itemListElement":[{"@type":"ListItem","position":1,"name":"Home","item":"https:\/\/www.neurotablet.com\/"},{"@type":"ListItem","position":2,"name":"Cos\u2019\u00e8 la memoria?"}]},{"@type":"WebSite","@id":"https:\/\/www.neurotablet.com\/#website","url":"https:\/\/www.neurotablet.com\/","name":"Neurotablet by Neurab","description":"Il tablet per la riabilitazione a distanza","potentialAction":[{"@type":"SearchAction","target":{"@type":"EntryPoint","urlTemplate":"https:\/\/www.neurotablet.com\/?s={search_term_string}"},"query-input":{"@type":"PropertyValueSpecification","valueRequired":true,"valueName":"search_term_string"}}],"inLanguage":"it-IT"},{"@type":"Person","@id":"https:\/\/www.neurotablet.com\/#\/schema\/person\/37588eea76483a80ad799bb6abd2b5e7","name":"admin","image":{"@type":"ImageObject","inLanguage":"it-IT","@id":"https:\/\/www.neurotablet.com\/#\/schema\/person\/image\/","url":"https:\/\/secure.gravatar.com\/avatar\/e702a12059779f0e379a0bbd5debb2e661e4cfa6212fd05ac05e59e8852de9b9?s=96&d=mm&r=g","contentUrl":"https:\/\/secure.gravatar.com\/avatar\/e702a12059779f0e379a0bbd5debb2e661e4cfa6212fd05ac05e59e8852de9b9?s=96&d=mm&r=g","caption":"admin"},"url":"https:\/\/www.neurotablet.com\/?author=1"}]}},"jetpack_publicize_connections":[],"jetpack_featured_media_url":"https:\/\/i0.wp.com\/www.neurotablet.com\/wp-content\/uploads\/2016\/06\/memoria-cervello.jpg?fit=800%2C500&ssl=1","jetpack_sharing_enabled":true,"jetpack_shortlink":"https:\/\/wp.me\/p7vm2r-BQ","jetpack-related-posts":[{"id":3076,"url":"https:\/\/www.neurotablet.com\/?p=3076","url_meta":{"origin":2346,"position":0},"title":"LA MEMORIA: UNA CAPACIT\u00c0 ESSENZIALE PER LA VITA. MA COME FUNZIONA?","author":"admin","date":"Maggio 17, 2021","format":false,"excerpt":"La memoria \u00e8 un insieme di processi essenziali per la nostra vita. Senza la memoria del passato non potremmo agire nel presente o pensare al futuro. Non saremmo capaci di ricordare cosa abbiamo fatto ieri, cosa abbiamo fatto oggi o cosa abbiamo pianificato per domani. Inoltre, senza la memoria non\u2026","rel":"","context":"Articolo simile","block_context":{"text":"Articolo simile","link":""},"img":{"alt_text":"","src":"https:\/\/i0.wp.com\/www.neurotablet.com\/wp-content\/uploads\/2021\/05\/Memoria-scaled.jpg?fit=1200%2C795&ssl=1&resize=350%2C200","width":350,"height":200,"srcset":"https:\/\/i0.wp.com\/www.neurotablet.com\/wp-content\/uploads\/2021\/05\/Memoria-scaled.jpg?fit=1200%2C795&ssl=1&resize=350%2C200 1x, https:\/\/i0.wp.com\/www.neurotablet.com\/wp-content\/uploads\/2021\/05\/Memoria-scaled.jpg?fit=1200%2C795&ssl=1&resize=525%2C300 1.5x, https:\/\/i0.wp.com\/www.neurotablet.com\/wp-content\/uploads\/2021\/05\/Memoria-scaled.jpg?fit=1200%2C795&ssl=1&resize=700%2C400 2x, https:\/\/i0.wp.com\/www.neurotablet.com\/wp-content\/uploads\/2021\/05\/Memoria-scaled.jpg?fit=1200%2C795&ssl=1&resize=1050%2C600 3x"},"classes":[]},{"id":2608,"url":"https:\/\/www.neurotablet.com\/?p=2608","url_meta":{"origin":2346,"position":1},"title":"Deficit e riabilitazione della memoria","author":"admin","date":"Gennaio 26, 2018","format":false,"excerpt":"Memoria: cos'\u00e8? La memoria \u00e8 un insieme di processi essenziali per la nostra vita. Senza la memoria del passato non potremmo agire nel presente o pensare al futuro. Non saremmo capaci di ricordare cosa abbiamo fatto ieri, cosa abbiamo fatto oggi o cosa abbiamo pianificato per domani. Inoltre, senza di\u2026","rel":"","context":"In &quot;News&quot;","block_context":{"text":"News","link":"https:\/\/www.neurotablet.com\/?cat=9"},"img":{"alt_text":"memoria","src":"https:\/\/i0.wp.com\/www.neurotablet.com\/wp-content\/uploads\/2018\/01\/perdita-memoria.jpg?fit=800%2C800&ssl=1&resize=350%2C200","width":350,"height":200,"srcset":"https:\/\/i0.wp.com\/www.neurotablet.com\/wp-content\/uploads\/2018\/01\/perdita-memoria.jpg?fit=800%2C800&ssl=1&resize=350%2C200 1x, https:\/\/i0.wp.com\/www.neurotablet.com\/wp-content\/uploads\/2018\/01\/perdita-memoria.jpg?fit=800%2C800&ssl=1&resize=525%2C300 1.5x, https:\/\/i0.wp.com\/www.neurotablet.com\/wp-content\/uploads\/2018\/01\/perdita-memoria.jpg?fit=800%2C800&ssl=1&resize=700%2C400 2x"},"classes":[]},{"id":2355,"url":"https:\/\/www.neurotablet.com\/?p=2355","url_meta":{"origin":2346,"position":2},"title":"I deficit di memoria","author":"admin","date":"Giugno 17, 2016","format":false,"excerpt":"I deficit di memoria possono essere causati da danni cerebrali, focali o diffusi, differentemente localizzati e possono colpire i diversi processi di memoria sopra descritti. In particolare, i danni alla memoria dichiarativa, ossia la rievocazione o riconoscimento consapevole di informazioni, hanno conseguenze pi\u00f9 invalidanti. Generalmente, tali deficit si distinguono in\u2026","rel":"","context":"Articolo simile","block_context":{"text":"Articolo simile","link":""},"img":{"alt_text":"","src":"https:\/\/i0.wp.com\/www.neurotablet.com\/wp-content\/uploads\/2016\/06\/memoria.jpg?fit=630%2C473&ssl=1&resize=350%2C200","width":350,"height":200,"srcset":"https:\/\/i0.wp.com\/www.neurotablet.com\/wp-content\/uploads\/2016\/06\/memoria.jpg?fit=630%2C473&ssl=1&resize=350%2C200 1x, https:\/\/i0.wp.com\/www.neurotablet.com\/wp-content\/uploads\/2016\/06\/memoria.jpg?fit=630%2C473&ssl=1&resize=525%2C300 1.5x"},"classes":[]},{"id":2599,"url":"https:\/\/www.neurotablet.com\/?p=2599","url_meta":{"origin":2346,"position":3},"title":"Deficit e riabilitazione delle funzioni esecutive","author":"admin","date":"Gennaio 11, 2018","format":false,"excerpt":"Cosa sono le funzioni esecutive? Le funzioni esecutive consistono in una serie di capacit\u00e0 mentali che aiutano l\u2019individuo a elaborare le informazioni necessarie per iniziare, svolgere e portare a termine un compito. Queste\u00a0capacit\u00e0 permettono di affrontare contesti non abituali, complessi o conflittuali che richiedono uno sforzo per ideare soluzioni nuove\u2026","rel":"","context":"In &quot;News&quot;","block_context":{"text":"News","link":"https:\/\/www.neurotablet.com\/?cat=9"},"img":{"alt_text":"","src":"https:\/\/i0.wp.com\/www.neurotablet.com\/wp-content\/uploads\/2018\/01\/cervello-ingranaggi-copia.jpg?fit=1200%2C882&ssl=1&resize=350%2C200","width":350,"height":200,"srcset":"https:\/\/i0.wp.com\/www.neurotablet.com\/wp-content\/uploads\/2018\/01\/cervello-ingranaggi-copia.jpg?fit=1200%2C882&ssl=1&resize=350%2C200 1x, https:\/\/i0.wp.com\/www.neurotablet.com\/wp-content\/uploads\/2018\/01\/cervello-ingranaggi-copia.jpg?fit=1200%2C882&ssl=1&resize=525%2C300 1.5x, https:\/\/i0.wp.com\/www.neurotablet.com\/wp-content\/uploads\/2018\/01\/cervello-ingranaggi-copia.jpg?fit=1200%2C882&ssl=1&resize=700%2C400 2x, https:\/\/i0.wp.com\/www.neurotablet.com\/wp-content\/uploads\/2018\/01\/cervello-ingranaggi-copia.jpg?fit=1200%2C882&ssl=1&resize=1050%2C600 3x"},"classes":[]},{"id":3084,"url":"https:\/\/www.neurotablet.com\/?p=3084","url_meta":{"origin":2346,"position":4},"title":"Attenzione: non possiamo farne a meno!","author":"admin","date":"Giugno 25, 2021","format":false,"excerpt":"Cos\u2019\u00e8 l\u2019attenzione? Com\u2019\u00e8 possibile che siamo capaci di ascoltare la radio e contemporaneamente guidare? Oppure intrattenere una conversazione con un amico in mezzo ad una festa piena di altre persone che chiacchierano e mentre la musica \u00e8 alta? Questi semplici esempi quotidiani ci fanno capire come l\u2019attenzione svolga un ruolo\u2026","rel":"","context":"Articolo simile","block_context":{"text":"Articolo simile","link":""},"img":{"alt_text":"","src":"https:\/\/i0.wp.com\/www.neurotablet.com\/wp-content\/uploads\/2017\/12\/attenzione-selettiva.png?fit=1200%2C750&ssl=1&resize=350%2C200","width":350,"height":200,"srcset":"https:\/\/i0.wp.com\/www.neurotablet.com\/wp-content\/uploads\/2017\/12\/attenzione-selettiva.png?fit=1200%2C750&ssl=1&resize=350%2C200 1x, https:\/\/i0.wp.com\/www.neurotablet.com\/wp-content\/uploads\/2017\/12\/attenzione-selettiva.png?fit=1200%2C750&ssl=1&resize=525%2C300 1.5x, https:\/\/i0.wp.com\/www.neurotablet.com\/wp-content\/uploads\/2017\/12\/attenzione-selettiva.png?fit=1200%2C750&ssl=1&resize=700%2C400 2x, https:\/\/i0.wp.com\/www.neurotablet.com\/wp-content\/uploads\/2017\/12\/attenzione-selettiva.png?fit=1200%2C750&ssl=1&resize=1050%2C600 3x"},"classes":[]},{"id":2589,"url":"https:\/\/www.neurotablet.com\/?p=2589","url_meta":{"origin":2346,"position":5},"title":"Deficit e riabilitazione dell&#8217;attenzione","author":"admin","date":"Dicembre 6, 2017","format":false,"excerpt":"Cos'\u00e8 l'attenzione? L\u2019attenzione si riferisce a molteplici processi cognitivi che sottostanno a specifici meccanismi neurali. L\u2019insieme di tali processi rende possibile il monitoraggio di eventi esterni e interni al nostro corpo in modo da fornire un output di risposta ad essi adeguato. Com\u2019\u00e8 possibile che siamo capaci di ascoltare la\u2026","rel":"","context":"In &quot;News&quot;","block_context":{"text":"News","link":"https:\/\/www.neurotablet.com\/?cat=9"},"img":{"alt_text":"","src":"https:\/\/i0.wp.com\/www.neurotablet.com\/wp-content\/uploads\/2017\/01\/signora.jpg?fit=1200%2C750&ssl=1&resize=350%2C200","width":350,"height":200,"srcset":"https:\/\/i0.wp.com\/www.neurotablet.com\/wp-content\/uploads\/2017\/01\/signora.jpg?fit=1200%2C750&ssl=1&resize=350%2C200 1x, https:\/\/i0.wp.com\/www.neurotablet.com\/wp-content\/uploads\/2017\/01\/signora.jpg?fit=1200%2C750&ssl=1&resize=525%2C300 1.5x, https:\/\/i0.wp.com\/www.neurotablet.com\/wp-content\/uploads\/2017\/01\/signora.jpg?fit=1200%2C750&ssl=1&resize=700%2C400 2x, https:\/\/i0.wp.com\/www.neurotablet.com\/wp-content\/uploads\/2017\/01\/signora.jpg?fit=1200%2C750&ssl=1&resize=1050%2C600 3x"},"classes":[]}],"_links":{"self":[{"href":"https:\/\/www.neurotablet.com\/index.php?rest_route=\/wp\/v2\/posts\/2346","targetHints":{"allow":["GET"]}}],"collection":[{"href":"https:\/\/www.neurotablet.com\/index.php?rest_route=\/wp\/v2\/posts"}],"about":[{"href":"https:\/\/www.neurotablet.com\/index.php?rest_route=\/wp\/v2\/types\/post"}],"author":[{"embeddable":true,"href":"https:\/\/www.neurotablet.com\/index.php?rest_route=\/wp\/v2\/users\/1"}],"replies":[{"embeddable":true,"href":"https:\/\/www.neurotablet.com\/index.php?rest_route=%2Fwp%2Fv2%2Fcomments&post=2346"}],"version-history":[{"count":1,"href":"https:\/\/www.neurotablet.com\/index.php?rest_route=\/wp\/v2\/posts\/2346\/revisions"}],"predecessor-version":[{"id":2349,"href":"https:\/\/www.neurotablet.com\/index.php?rest_route=\/wp\/v2\/posts\/2346\/revisions\/2349"}],"wp:featuredmedia":[{"embeddable":true,"href":"https:\/\/www.neurotablet.com\/index.php?rest_route=\/wp\/v2\/media\/2348"}],"wp:attachment":[{"href":"https:\/\/www.neurotablet.com\/index.php?rest_route=%2Fwp%2Fv2%2Fmedia&parent=2346"}],"wp:term":[{"taxonomy":"category","embeddable":true,"href":"https:\/\/www.neurotablet.com\/index.php?rest_route=%2Fwp%2Fv2%2Fcategories&post=2346"},{"taxonomy":"post_tag","embeddable":true,"href":"https:\/\/www.neurotablet.com\/index.php?rest_route=%2Fwp%2Fv2%2Ftags&post=2346"}],"curies":[{"name":"wp","href":"https:\/\/api.w.org\/{rel}","templated":true}]}}