{"id":2355,"date":"2016-06-17T09:58:42","date_gmt":"2016-06-17T09:58:42","guid":{"rendered":"http:\/\/www.neurotablet.com\/?p=2355"},"modified":"2016-06-17T09:58:42","modified_gmt":"2016-06-17T09:58:42","slug":"deficit-di-memoria","status":"publish","type":"post","link":"https:\/\/www.neurotablet.com\/?p=2355","title":{"rendered":"I deficit di memoria"},"content":{"rendered":"<p>I deficit di memoria possono essere causati da danni cerebrali, focali o diffusi, differentemente localizzati e possono colpire i diversi processi di memoria sopra descritti. In particolare, i danni alla memoria dichiarativa, ossia la rievocazione o riconoscimento consapevole di informazioni, hanno conseguenze pi\u00f9 invalidanti. Generalmente, tali deficit si distinguono in base alla loro localizzazione cerebrale o ai quadri clinici conseguenti. <\/p>\n<p>I quadri clinici solitamente classificati sono: <\/p>\n<p>1)<strong> l\u2019amnesia<\/strong> causata da danni bilaterali a strutture cerebrali mediotemporali e diencefaliche, compreso l\u2019ippocampo, coinvolge sempre la memoria episodica anterograda, impedendo di apprendere nuove informazioni (amnesia anterograda)  e\/o la memoria retrograda, impedendo il recupero di informazioni apprese prima della lesione. La memoria a breve termine \u00e8 generalmente conservata mentre la memoria a lungo termine \u00e8 compromessa. Perci\u00f2 i pazienti non sono in grado di ricordare cosa hanno fatto il giorno precedente, per esempio, o di riconoscere volti di persone recentemente conosciute. Inoltre, la memoria semantica \u00e8 solitamente intatta, preservando nozioni generali e personali, mentre quella episodica \u00e8 danneggiata, compromettendo il ricordo di episodi personali passati.<br \/>\n2) <strong>Disturbi di memoria<\/strong> conseguenti a lesioni dei lobi frontali (amnesia \u201cfrontale\u201d) che portano ad un quadro clinico pi\u00f9 specifico. Infatti danni ai lobi frontali portano a disturbi dell\u2019attenzione e delle funzioni esecutive, utili all\u2019organizzazione dell\u2019apprendimento e, in generale, ad attivazione, progettazione, programmazione e controllo di attivit\u00e0. In pratica, pazienti con lesioni di questo tipo non sono in grado di focalizzare l\u2019attenzione in modo continuativo e di mettere in atto strategie per memorizzare informazioni e rievocare ricordi. Inoltre, la memoria di lavoro pu\u00f2 essere gravemente compromessa.<br \/>\n3) <strong>Confabulazioni<\/strong> di memoria conseguenti a lesioni orbitofrontali e ventrali. Le confabulazioni consistono nella produzione di false memorie e sono spesso associate a deficit di memoria e delle funzioni esecutive. In tal caso, il paziente non ha consapevolezza del proprio deficit (anosognosia) e sono convinti della verit\u00e0 dei loro falsi ricordi. La confabulazione pu\u00f2 essere momentanea se consiste nel racconto di un evento falso ma plausibilmente vero, oppure fantastica, quando il racconto non \u00e8 reale n\u00e9 plausibile. Infine, la confabulazione comportamentale spontanea avviene quando i pazienti agiscono in base ai loro falsi ricordi.<\/p>\n","protected":false},"excerpt":{"rendered":"<p>I deficit di memoria possono essere causati da danni cerebrali, focali o diffusi, differentemente localizzati e possono colpire i diversi processi di memoria sopra descritti. In<span class=\"excerpt-hellip\"> [\u2026]<\/span><\/p>\n","protected":false},"author":1,"featured_media":2364,"comment_status":"closed","ping_status":"closed","sticky":false,"template":"","format":"standard","meta":{"jetpack_post_was_ever_published":false,"_jetpack_newsletter_access":"","_jetpack_dont_email_post_to_subs":false,"_jetpack_newsletter_tier_id":0,"_jetpack_memberships_contains_paywalled_content":false,"_jetpack_memberships_contains_paid_content":false,"footnotes":"","jetpack_publicize_message":"","jetpack_publicize_feature_enabled":true,"jetpack_social_post_already_shared":true,"jetpack_social_options":{"image_generator_settings":{"template":"highway","default_image_id":0,"font":"","enabled":false},"version":2}},"categories":[],"tags":[],"class_list":["post-2355","post","type-post","status-publish","format-standard","has-post-thumbnail","hentry"],"yoast_head":"<!-- This site is optimized with the Yoast SEO plugin v26.2 - https:\/\/yoast.com\/wordpress\/plugins\/seo\/ -->\n<title>I deficit di memoria - Neurotablet by Neurab<\/title>\n<meta name=\"robots\" content=\"index, follow, max-snippet:-1, max-image-preview:large, max-video-preview:-1\" \/>\n<link rel=\"canonical\" href=\"https:\/\/www.neurotablet.com\/?p=2355\" \/>\n<meta property=\"og:locale\" content=\"it_IT\" \/>\n<meta property=\"og:type\" content=\"article\" \/>\n<meta property=\"og:title\" content=\"I deficit di memoria - Neurotablet by Neurab\" \/>\n<meta property=\"og:description\" content=\"I deficit di memoria possono essere causati da danni cerebrali, focali o diffusi, differentemente localizzati e possono colpire i diversi processi di memoria sopra descritti. In [\u2026]\" \/>\n<meta property=\"og:url\" content=\"https:\/\/www.neurotablet.com\/?p=2355\" \/>\n<meta property=\"og:site_name\" content=\"Neurotablet by Neurab\" \/>\n<meta property=\"article:published_time\" content=\"2016-06-17T09:58:42+00:00\" \/>\n<meta property=\"og:image\" content=\"https:\/\/i0.wp.com\/www.neurotablet.com\/wp-content\/uploads\/2016\/06\/memoria.jpg?fit=630%2C473&ssl=1\" \/>\n\t<meta property=\"og:image:width\" content=\"630\" \/>\n\t<meta property=\"og:image:height\" content=\"473\" \/>\n\t<meta property=\"og:image:type\" content=\"image\/jpeg\" \/>\n<meta name=\"author\" content=\"admin\" \/>\n<meta name=\"twitter:card\" content=\"summary_large_image\" \/>\n<meta name=\"twitter:label1\" content=\"Scritto da\" \/>\n\t<meta name=\"twitter:data1\" content=\"admin\" \/>\n\t<meta name=\"twitter:label2\" content=\"Tempo di lettura stimato\" \/>\n\t<meta name=\"twitter:data2\" content=\"2 minuti\" \/>\n<script type=\"application\/ld+json\" class=\"yoast-schema-graph\">{\"@context\":\"https:\/\/schema.org\",\"@graph\":[{\"@type\":\"WebPage\",\"@id\":\"https:\/\/www.neurotablet.com\/?p=2355\",\"url\":\"https:\/\/www.neurotablet.com\/?p=2355\",\"name\":\"I deficit di memoria - Neurotablet by Neurab\",\"isPartOf\":{\"@id\":\"https:\/\/www.neurotablet.com\/#website\"},\"primaryImageOfPage\":{\"@id\":\"https:\/\/www.neurotablet.com\/?p=2355#primaryimage\"},\"image\":{\"@id\":\"https:\/\/www.neurotablet.com\/?p=2355#primaryimage\"},\"thumbnailUrl\":\"https:\/\/i0.wp.com\/www.neurotablet.com\/wp-content\/uploads\/2016\/06\/memoria.jpg?fit=630%2C473&ssl=1\",\"datePublished\":\"2016-06-17T09:58:42+00:00\",\"author\":{\"@id\":\"https:\/\/www.neurotablet.com\/#\/schema\/person\/37588eea76483a80ad799bb6abd2b5e7\"},\"breadcrumb\":{\"@id\":\"https:\/\/www.neurotablet.com\/?p=2355#breadcrumb\"},\"inLanguage\":\"it-IT\",\"potentialAction\":[{\"@type\":\"ReadAction\",\"target\":[\"https:\/\/www.neurotablet.com\/?p=2355\"]}]},{\"@type\":\"ImageObject\",\"inLanguage\":\"it-IT\",\"@id\":\"https:\/\/www.neurotablet.com\/?p=2355#primaryimage\",\"url\":\"https:\/\/i0.wp.com\/www.neurotablet.com\/wp-content\/uploads\/2016\/06\/memoria.jpg?fit=630%2C473&ssl=1\",\"contentUrl\":\"https:\/\/i0.wp.com\/www.neurotablet.com\/wp-content\/uploads\/2016\/06\/memoria.jpg?fit=630%2C473&ssl=1\",\"width\":630,\"height\":473},{\"@type\":\"BreadcrumbList\",\"@id\":\"https:\/\/www.neurotablet.com\/?p=2355#breadcrumb\",\"itemListElement\":[{\"@type\":\"ListItem\",\"position\":1,\"name\":\"Home\",\"item\":\"https:\/\/www.neurotablet.com\/\"},{\"@type\":\"ListItem\",\"position\":2,\"name\":\"I deficit di memoria\"}]},{\"@type\":\"WebSite\",\"@id\":\"https:\/\/www.neurotablet.com\/#website\",\"url\":\"https:\/\/www.neurotablet.com\/\",\"name\":\"Neurotablet by Neurab\",\"description\":\"Il tablet per la riabilitazione a distanza\",\"potentialAction\":[{\"@type\":\"SearchAction\",\"target\":{\"@type\":\"EntryPoint\",\"urlTemplate\":\"https:\/\/www.neurotablet.com\/?s={search_term_string}\"},\"query-input\":{\"@type\":\"PropertyValueSpecification\",\"valueRequired\":true,\"valueName\":\"search_term_string\"}}],\"inLanguage\":\"it-IT\"},{\"@type\":\"Person\",\"@id\":\"https:\/\/www.neurotablet.com\/#\/schema\/person\/37588eea76483a80ad799bb6abd2b5e7\",\"name\":\"admin\",\"image\":{\"@type\":\"ImageObject\",\"inLanguage\":\"it-IT\",\"@id\":\"https:\/\/www.neurotablet.com\/#\/schema\/person\/image\/\",\"url\":\"https:\/\/secure.gravatar.com\/avatar\/e702a12059779f0e379a0bbd5debb2e661e4cfa6212fd05ac05e59e8852de9b9?s=96&d=mm&r=g\",\"contentUrl\":\"https:\/\/secure.gravatar.com\/avatar\/e702a12059779f0e379a0bbd5debb2e661e4cfa6212fd05ac05e59e8852de9b9?s=96&d=mm&r=g\",\"caption\":\"admin\"},\"url\":\"https:\/\/www.neurotablet.com\/?author=1\"}]}<\/script>\n<!-- \/ Yoast SEO plugin. -->","yoast_head_json":{"title":"I deficit di memoria - Neurotablet by Neurab","robots":{"index":"index","follow":"follow","max-snippet":"max-snippet:-1","max-image-preview":"max-image-preview:large","max-video-preview":"max-video-preview:-1"},"canonical":"https:\/\/www.neurotablet.com\/?p=2355","og_locale":"it_IT","og_type":"article","og_title":"I deficit di memoria - Neurotablet by Neurab","og_description":"I deficit di memoria possono essere causati da danni cerebrali, focali o diffusi, differentemente localizzati e possono colpire i diversi processi di memoria sopra descritti. In [\u2026]","og_url":"https:\/\/www.neurotablet.com\/?p=2355","og_site_name":"Neurotablet by Neurab","article_published_time":"2016-06-17T09:58:42+00:00","og_image":[{"width":630,"height":473,"url":"https:\/\/i0.wp.com\/www.neurotablet.com\/wp-content\/uploads\/2016\/06\/memoria.jpg?fit=630%2C473&ssl=1","type":"image\/jpeg"}],"author":"admin","twitter_card":"summary_large_image","twitter_misc":{"Scritto da":"admin","Tempo di lettura stimato":"2 minuti"},"schema":{"@context":"https:\/\/schema.org","@graph":[{"@type":"WebPage","@id":"https:\/\/www.neurotablet.com\/?p=2355","url":"https:\/\/www.neurotablet.com\/?p=2355","name":"I deficit di memoria - Neurotablet by Neurab","isPartOf":{"@id":"https:\/\/www.neurotablet.com\/#website"},"primaryImageOfPage":{"@id":"https:\/\/www.neurotablet.com\/?p=2355#primaryimage"},"image":{"@id":"https:\/\/www.neurotablet.com\/?p=2355#primaryimage"},"thumbnailUrl":"https:\/\/i0.wp.com\/www.neurotablet.com\/wp-content\/uploads\/2016\/06\/memoria.jpg?fit=630%2C473&ssl=1","datePublished":"2016-06-17T09:58:42+00:00","author":{"@id":"https:\/\/www.neurotablet.com\/#\/schema\/person\/37588eea76483a80ad799bb6abd2b5e7"},"breadcrumb":{"@id":"https:\/\/www.neurotablet.com\/?p=2355#breadcrumb"},"inLanguage":"it-IT","potentialAction":[{"@type":"ReadAction","target":["https:\/\/www.neurotablet.com\/?p=2355"]}]},{"@type":"ImageObject","inLanguage":"it-IT","@id":"https:\/\/www.neurotablet.com\/?p=2355#primaryimage","url":"https:\/\/i0.wp.com\/www.neurotablet.com\/wp-content\/uploads\/2016\/06\/memoria.jpg?fit=630%2C473&ssl=1","contentUrl":"https:\/\/i0.wp.com\/www.neurotablet.com\/wp-content\/uploads\/2016\/06\/memoria.jpg?fit=630%2C473&ssl=1","width":630,"height":473},{"@type":"BreadcrumbList","@id":"https:\/\/www.neurotablet.com\/?p=2355#breadcrumb","itemListElement":[{"@type":"ListItem","position":1,"name":"Home","item":"https:\/\/www.neurotablet.com\/"},{"@type":"ListItem","position":2,"name":"I deficit di memoria"}]},{"@type":"WebSite","@id":"https:\/\/www.neurotablet.com\/#website","url":"https:\/\/www.neurotablet.com\/","name":"Neurotablet by Neurab","description":"Il tablet per la riabilitazione a distanza","potentialAction":[{"@type":"SearchAction","target":{"@type":"EntryPoint","urlTemplate":"https:\/\/www.neurotablet.com\/?s={search_term_string}"},"query-input":{"@type":"PropertyValueSpecification","valueRequired":true,"valueName":"search_term_string"}}],"inLanguage":"it-IT"},{"@type":"Person","@id":"https:\/\/www.neurotablet.com\/#\/schema\/person\/37588eea76483a80ad799bb6abd2b5e7","name":"admin","image":{"@type":"ImageObject","inLanguage":"it-IT","@id":"https:\/\/www.neurotablet.com\/#\/schema\/person\/image\/","url":"https:\/\/secure.gravatar.com\/avatar\/e702a12059779f0e379a0bbd5debb2e661e4cfa6212fd05ac05e59e8852de9b9?s=96&d=mm&r=g","contentUrl":"https:\/\/secure.gravatar.com\/avatar\/e702a12059779f0e379a0bbd5debb2e661e4cfa6212fd05ac05e59e8852de9b9?s=96&d=mm&r=g","caption":"admin"},"url":"https:\/\/www.neurotablet.com\/?author=1"}]}},"jetpack_publicize_connections":[],"jetpack_featured_media_url":"https:\/\/i0.wp.com\/www.neurotablet.com\/wp-content\/uploads\/2016\/06\/memoria.jpg?fit=630%2C473&ssl=1","jetpack_sharing_enabled":true,"jetpack_shortlink":"https:\/\/wp.me\/p7vm2r-BZ","jetpack-related-posts":[{"id":2608,"url":"https:\/\/www.neurotablet.com\/?p=2608","url_meta":{"origin":2355,"position":0},"title":"Deficit e riabilitazione della memoria","author":"admin","date":"Gennaio 26, 2018","format":false,"excerpt":"Memoria: cos'\u00e8? La memoria \u00e8 un insieme di processi essenziali per la nostra vita. Senza la memoria del passato non potremmo agire nel presente o pensare al futuro. Non saremmo capaci di ricordare cosa abbiamo fatto ieri, cosa abbiamo fatto oggi o cosa abbiamo pianificato per domani. Inoltre, senza di\u2026","rel":"","context":"In &quot;News&quot;","block_context":{"text":"News","link":"https:\/\/www.neurotablet.com\/?cat=9"},"img":{"alt_text":"memoria","src":"https:\/\/i0.wp.com\/www.neurotablet.com\/wp-content\/uploads\/2018\/01\/perdita-memoria.jpg?fit=800%2C800&ssl=1&resize=350%2C200","width":350,"height":200,"srcset":"https:\/\/i0.wp.com\/www.neurotablet.com\/wp-content\/uploads\/2018\/01\/perdita-memoria.jpg?fit=800%2C800&ssl=1&resize=350%2C200 1x, https:\/\/i0.wp.com\/www.neurotablet.com\/wp-content\/uploads\/2018\/01\/perdita-memoria.jpg?fit=800%2C800&ssl=1&resize=525%2C300 1.5x, https:\/\/i0.wp.com\/www.neurotablet.com\/wp-content\/uploads\/2018\/01\/perdita-memoria.jpg?fit=800%2C800&ssl=1&resize=700%2C400 2x"},"classes":[]},{"id":2584,"url":"https:\/\/www.neurotablet.com\/?p=2584","url_meta":{"origin":2355,"position":1},"title":"Lesioni cerebrali e deficit cognitivi acquisiti: cosa sono, come intervenire","author":"admin","date":"Novembre 24, 2017","format":false,"excerpt":"Cosa sono i deficit cognitivi acquisiti? Si tratta di disturbi che insorgono in seguito a\u00a0lesioni cerebrali di varia natura\u00a0e i sintomi variano molto in relazione al tipo di lesione. I deficit cognitivi che si incontrano possono riguardare\u00a0l\u2019attenzione, la\u00a0memoria, il\u00a0linguaggio, il\u00a0movimento, la\u00a0percezione\u00a0e le cosiddette\u00a0funzioni esecutive. Le lesioni cerebrali possono essere cos\u00ec\u2026","rel":"","context":"In &quot;News&quot;","block_context":{"text":"News","link":"https:\/\/www.neurotablet.com\/?cat=9"},"img":{"alt_text":"demenza alzheimer deficit cognitivi","src":"https:\/\/i0.wp.com\/www.neurotablet.com\/wp-content\/uploads\/2017\/11\/deficit-cognitivi.jpg?fit=1200%2C1159&ssl=1&resize=350%2C200","width":350,"height":200,"srcset":"https:\/\/i0.wp.com\/www.neurotablet.com\/wp-content\/uploads\/2017\/11\/deficit-cognitivi.jpg?fit=1200%2C1159&ssl=1&resize=350%2C200 1x, https:\/\/i0.wp.com\/www.neurotablet.com\/wp-content\/uploads\/2017\/11\/deficit-cognitivi.jpg?fit=1200%2C1159&ssl=1&resize=525%2C300 1.5x, https:\/\/i0.wp.com\/www.neurotablet.com\/wp-content\/uploads\/2017\/11\/deficit-cognitivi.jpg?fit=1200%2C1159&ssl=1&resize=700%2C400 2x, https:\/\/i0.wp.com\/www.neurotablet.com\/wp-content\/uploads\/2017\/11\/deficit-cognitivi.jpg?fit=1200%2C1159&ssl=1&resize=1050%2C600 3x"},"classes":[]},{"id":2714,"url":"https:\/\/www.neurotablet.com\/?p=2714","url_meta":{"origin":2355,"position":2},"title":"Investire nelle neurotecnologie: la campagna di equity crowdfunding di Neurab","author":"admin","date":"Aprile 12, 2019","format":false,"excerpt":"Neurab \u00e8 una\u00a0startup innovativa\u00a0(conforme al D.L. 179\/2012 e aggiornamenti successivi) nel settore delle neurotecnologie, costituitasi nel 2014 con l\u2019obiettivo di introdurre sul mercato uno\u00a0strumento flessibile e adattabile per la riabilitazione neurocognitiva e psicologica rivolto a pazienti a seguito di danni cerebrali. Per questo propone un sistema informatico multipiattaforma di riabilitazione\u2026","rel":"","context":"In &quot;Events&quot;","block_context":{"text":"Events","link":"https:\/\/www.neurotablet.com\/?cat=19"},"img":{"alt_text":"Neurab equity crowdfunding","src":"https:\/\/i0.wp.com\/www.neurotablet.com\/wp-content\/uploads\/2019\/04\/post_linkedin.jpg?fit=1200%2C627&ssl=1&resize=350%2C200","width":350,"height":200,"srcset":"https:\/\/i0.wp.com\/www.neurotablet.com\/wp-content\/uploads\/2019\/04\/post_linkedin.jpg?fit=1200%2C627&ssl=1&resize=350%2C200 1x, https:\/\/i0.wp.com\/www.neurotablet.com\/wp-content\/uploads\/2019\/04\/post_linkedin.jpg?fit=1200%2C627&ssl=1&resize=525%2C300 1.5x, https:\/\/i0.wp.com\/www.neurotablet.com\/wp-content\/uploads\/2019\/04\/post_linkedin.jpg?fit=1200%2C627&ssl=1&resize=700%2C400 2x, https:\/\/i0.wp.com\/www.neurotablet.com\/wp-content\/uploads\/2019\/04\/post_linkedin.jpg?fit=1200%2C627&ssl=1&resize=1050%2C600 3x"},"classes":[]},{"id":2599,"url":"https:\/\/www.neurotablet.com\/?p=2599","url_meta":{"origin":2355,"position":3},"title":"Deficit e riabilitazione delle funzioni esecutive","author":"admin","date":"Gennaio 11, 2018","format":false,"excerpt":"Cosa sono le funzioni esecutive? Le funzioni esecutive consistono in una serie di capacit\u00e0 mentali che aiutano l\u2019individuo a elaborare le informazioni necessarie per iniziare, svolgere e portare a termine un compito. Queste\u00a0capacit\u00e0 permettono di affrontare contesti non abituali, complessi o conflittuali che richiedono uno sforzo per ideare soluzioni nuove\u2026","rel":"","context":"In &quot;News&quot;","block_context":{"text":"News","link":"https:\/\/www.neurotablet.com\/?cat=9"},"img":{"alt_text":"","src":"https:\/\/i0.wp.com\/www.neurotablet.com\/wp-content\/uploads\/2018\/01\/cervello-ingranaggi-copia.jpg?fit=1200%2C882&ssl=1&resize=350%2C200","width":350,"height":200,"srcset":"https:\/\/i0.wp.com\/www.neurotablet.com\/wp-content\/uploads\/2018\/01\/cervello-ingranaggi-copia.jpg?fit=1200%2C882&ssl=1&resize=350%2C200 1x, https:\/\/i0.wp.com\/www.neurotablet.com\/wp-content\/uploads\/2018\/01\/cervello-ingranaggi-copia.jpg?fit=1200%2C882&ssl=1&resize=525%2C300 1.5x, https:\/\/i0.wp.com\/www.neurotablet.com\/wp-content\/uploads\/2018\/01\/cervello-ingranaggi-copia.jpg?fit=1200%2C882&ssl=1&resize=700%2C400 2x, https:\/\/i0.wp.com\/www.neurotablet.com\/wp-content\/uploads\/2018\/01\/cervello-ingranaggi-copia.jpg?fit=1200%2C882&ssl=1&resize=1050%2C600 3x"},"classes":[]},{"id":2979,"url":"https:\/\/www.neurotablet.com\/?p=2979","url_meta":{"origin":2355,"position":4},"title":"DANNI NEUROLOGICI DA COVID 19: IL CASO DI L.A.","author":"admin","date":"Ottobre 21, 2020","format":false,"excerpt":"In letteratura stanno incrementando sempre pi\u00f9 gli studi che sottolineano il ruolo del nuovo Coronavirus nell\u2019insorgenza di danni cerebrali. Ne abbiamo parlato anche in un precedente articolo\u00a0 dove avevamo messo in evidenza quanto il Coronavirus abbia delle conseguenze non solo polmonari e cardiologiche, ma anche sul cervello, sugli aspetti cognitivi,\u2026","rel":"","context":"Articolo simile","block_context":{"text":"Articolo simile","link":""},"img":{"alt_text":"","src":"https:\/\/i0.wp.com\/www.neurotablet.com\/wp-content\/uploads\/2020\/10\/covid.jpg?resize=350%2C200&ssl=1","width":350,"height":200,"srcset":"https:\/\/i0.wp.com\/www.neurotablet.com\/wp-content\/uploads\/2020\/10\/covid.jpg?resize=350%2C200&ssl=1 1x, https:\/\/i0.wp.com\/www.neurotablet.com\/wp-content\/uploads\/2020\/10\/covid.jpg?resize=525%2C300&ssl=1 1.5x, https:\/\/i0.wp.com\/www.neurotablet.com\/wp-content\/uploads\/2020\/10\/covid.jpg?resize=700%2C400&ssl=1 2x, https:\/\/i0.wp.com\/www.neurotablet.com\/wp-content\/uploads\/2020\/10\/covid.jpg?resize=1050%2C600&ssl=1 3x"},"classes":[]},{"id":2634,"url":"https:\/\/www.neurotablet.com\/?p=2634","url_meta":{"origin":2355,"position":5},"title":"La negligenza spaziale unilaterale (o  neglect)","author":"admin","date":"Marzo 6, 2018","format":false,"excerpt":"Neglect:\u00a0una sindrome neuropsicologica caratterizzata dall\u2019incapacit\u00e0 di percepire oggetti collocati in un emicampo visivo solitamente controlaterale alla lesione \u00a0 La Negligenza spaziale unilaterale, o Neglect, \u00e8 definita come una sindrome caratterizzata da ridotta o assente consapevolezza degli stimoli presentati nello spazio controlesionale, che pu\u00f2 essere temporaneo oppure cronico.\u00a0Una persona affetta da\u2026","rel":"","context":"In &quot;News&quot;","block_context":{"text":"News","link":"https:\/\/www.neurotablet.com\/?cat=9"},"img":{"alt_text":"Neglect","src":"https:\/\/i0.wp.com\/www.neurotablet.com\/wp-content\/uploads\/2018\/03\/Negligenza-spaziale-unilaterale.jpg?fit=680%2C365&ssl=1&resize=350%2C200","width":350,"height":200,"srcset":"https:\/\/i0.wp.com\/www.neurotablet.com\/wp-content\/uploads\/2018\/03\/Negligenza-spaziale-unilaterale.jpg?fit=680%2C365&ssl=1&resize=350%2C200 1x, https:\/\/i0.wp.com\/www.neurotablet.com\/wp-content\/uploads\/2018\/03\/Negligenza-spaziale-unilaterale.jpg?fit=680%2C365&ssl=1&resize=525%2C300 1.5x"},"classes":[]}],"_links":{"self":[{"href":"https:\/\/www.neurotablet.com\/index.php?rest_route=\/wp\/v2\/posts\/2355","targetHints":{"allow":["GET"]}}],"collection":[{"href":"https:\/\/www.neurotablet.com\/index.php?rest_route=\/wp\/v2\/posts"}],"about":[{"href":"https:\/\/www.neurotablet.com\/index.php?rest_route=\/wp\/v2\/types\/post"}],"author":[{"embeddable":true,"href":"https:\/\/www.neurotablet.com\/index.php?rest_route=\/wp\/v2\/users\/1"}],"replies":[{"embeddable":true,"href":"https:\/\/www.neurotablet.com\/index.php?rest_route=%2Fwp%2Fv2%2Fcomments&post=2355"}],"version-history":[{"count":1,"href":"https:\/\/www.neurotablet.com\/index.php?rest_route=\/wp\/v2\/posts\/2355\/revisions"}],"predecessor-version":[{"id":2365,"href":"https:\/\/www.neurotablet.com\/index.php?rest_route=\/wp\/v2\/posts\/2355\/revisions\/2365"}],"wp:featuredmedia":[{"embeddable":true,"href":"https:\/\/www.neurotablet.com\/index.php?rest_route=\/wp\/v2\/media\/2364"}],"wp:attachment":[{"href":"https:\/\/www.neurotablet.com\/index.php?rest_route=%2Fwp%2Fv2%2Fmedia&parent=2355"}],"wp:term":[{"taxonomy":"category","embeddable":true,"href":"https:\/\/www.neurotablet.com\/index.php?rest_route=%2Fwp%2Fv2%2Fcategories&post=2355"},{"taxonomy":"post_tag","embeddable":true,"href":"https:\/\/www.neurotablet.com\/index.php?rest_route=%2Fwp%2Fv2%2Ftags&post=2355"}],"curies":[{"name":"wp","href":"https:\/\/api.w.org\/{rel}","templated":true}]}}