{"id":2649,"date":"2018-07-09T14:31:17","date_gmt":"2018-07-09T14:31:17","guid":{"rendered":"http:\/\/www.neurotablet.com\/?p=2649"},"modified":"2018-07-09T14:31:17","modified_gmt":"2018-07-09T14:31:17","slug":"alzheimer-virus-herpes","status":"publish","type":"post","link":"https:\/\/www.neurotablet.com\/?p=2649","title":{"rendered":"Alzheimer: scoperta una possibile nuova causa"},"content":{"rendered":"<h3>Alzheimer e Virus dell&#8217;herpes<\/h3>\n<p>Una serie di nuovi articoli pubblicati di recente punta verso un <strong>responsabile inaspettato per la malattia di Alzheimer: il virus dell\u2019herpes<\/strong> (Human Herpesvirus, HHV). La causa del morbo non sarebbe per\u00f2 l\u2019azione diretta del virus, ma la reazione delle cellule cerebrali all\u2019infezione.<\/p>\n<p>In particolare, i ricercatori hanno trovato in un campione di cervelli appartenuti a persone affette dal morbo, alti livelli di HHV-6 e HHV-7, due ceppi di herpesvirus associati ad una comune malattia infantile, la roseola (nota anche come sesta malattia).<\/p>\n<p>&nbsp;<\/p>\n<p><em><strong>Non \u00e8 chiaro per\u00f2 se gli herpesvirus contribuiscano allo sviluppo del morbo di Alzheimer o se, al contrario, i pazienti affetti da Alzheimer siano pi\u00f9 sensibili a questi virus, che possono rimanere latenti nell&#8217;organismo per decenni dopo il contagio.<\/strong><\/em><\/p>\n<p>&nbsp;<\/p>\n<h4>Il dibattito scientifico<\/h4>\n<p>Nella comunit\u00e0 scientifica \u00e8 in corso un dibattito tra ricercatori che credono che ci sia un legame tra gli agenti patogeni infettivi e la malattia degenerativa del cervello, e coloro che invece rimangono su tesi pi\u00f9 tradizionali. Una delle ragioni della controversia, dice James Leverenz, neurologo della Cleveland Clinic, \u00e8 che gli herpesvirus &#8220;sono onnipresenti, e tantissime persone li trasportano, ma solo pochi sviluppano poi la malattia&#8221;. L&#8217;idea che un virus cos\u00ec comune possa contribuire a una malattia devastante sembrava infatti improbabile a molti ricercatori fino a pochi anni fa.<\/p>\n<p>&nbsp;<\/p>\n<p>La ricerca tradizionale sull&#8217;Alzheimer si \u00e8 concentrata finora su due tratti primari della malattia: le placche beta-amiloidi che si raccolgono nelle cellule nervose del cervello, danneggiandole fino a provocarne la morte, e la proteina tau, il cui malfunzionamento rallenterebbe l\u2019escrezione delle beta amiloidi dal corpo cellulare dei neuroni. Finora per\u00f2 le beta amiloidi erano ritenute prodotti metabolici di scarto, e non parevano avere una funzione specifica nella fisiologia cerbrale.<\/p>\n<p>&nbsp;<\/p>\n<p><img data-recalc-dims=\"1\" fetchpriority=\"high\" decoding=\"async\" data-attachment-id=\"2587\" data-permalink=\"https:\/\/www.neurotablet.com\/?attachment_id=2587\" data-orig-file=\"https:\/\/i0.wp.com\/www.neurotablet.com\/wp-content\/uploads\/2017\/11\/deficit-cognitivi.jpg?fit=3000%2C2898&amp;ssl=1\" data-orig-size=\"3000,2898\" data-comments-opened=\"0\" data-image-meta=\"{&quot;aperture&quot;:&quot;0&quot;,&quot;credit&quot;:&quot;&quot;,&quot;camera&quot;:&quot;&quot;,&quot;caption&quot;:&quot;&quot;,&quot;created_timestamp&quot;:&quot;0&quot;,&quot;copyright&quot;:&quot;&quot;,&quot;focal_length&quot;:&quot;0&quot;,&quot;iso&quot;:&quot;0&quot;,&quot;shutter_speed&quot;:&quot;0&quot;,&quot;title&quot;:&quot;&quot;,&quot;orientation&quot;:&quot;0&quot;}\" data-image-title=\"deficit cognitivi\" data-image-description=\"\" data-image-caption=\"\" data-medium-file=\"https:\/\/i0.wp.com\/www.neurotablet.com\/wp-content\/uploads\/2017\/11\/deficit-cognitivi.jpg?fit=300%2C290&amp;ssl=1\" data-large-file=\"https:\/\/i0.wp.com\/www.neurotablet.com\/wp-content\/uploads\/2017\/11\/deficit-cognitivi.jpg?fit=1024%2C989&amp;ssl=1\" class=\"alignright size-medium wp-image-2587\" src=\"https:\/\/i0.wp.com\/www.neurotablet.com\/wp-content\/uploads\/2017\/11\/deficit-cognitivi.jpg?resize=300%2C290\" alt=\"alzheimer deficit cognitivi\" width=\"300\" height=\"290\" srcset=\"https:\/\/i0.wp.com\/www.neurotablet.com\/wp-content\/uploads\/2017\/11\/deficit-cognitivi.jpg?resize=300%2C290&amp;ssl=1 300w, https:\/\/i0.wp.com\/www.neurotablet.com\/wp-content\/uploads\/2017\/11\/deficit-cognitivi.jpg?resize=768%2C742&amp;ssl=1 768w, https:\/\/i0.wp.com\/www.neurotablet.com\/wp-content\/uploads\/2017\/11\/deficit-cognitivi.jpg?resize=1024%2C989&amp;ssl=1 1024w, https:\/\/i0.wp.com\/www.neurotablet.com\/wp-content\/uploads\/2017\/11\/deficit-cognitivi.jpg?resize=151%2C146&amp;ssl=1 151w, https:\/\/i0.wp.com\/www.neurotablet.com\/wp-content\/uploads\/2017\/11\/deficit-cognitivi.jpg?resize=50%2C48&amp;ssl=1 50w, https:\/\/i0.wp.com\/www.neurotablet.com\/wp-content\/uploads\/2017\/11\/deficit-cognitivi.jpg?resize=78%2C75&amp;ssl=1 78w, https:\/\/i0.wp.com\/www.neurotablet.com\/wp-content\/uploads\/2017\/11\/deficit-cognitivi.jpg?w=2400 2400w\" sizes=\"(max-width: 300px) 100vw, 300px\" \/>Ricerche recenti suggeriscono piuttosto che le beta amiloidi, invece di essere un residuo metabolico, potrebbero essere tecnicamente un \u201cpeptide antimicrobico\u201d, ovvero un <em>meccanismo di difesa del cervello<\/em>, che utilizzerebbe queste proteine per \u201cintrappolare\u201d il virus e quindi rallentarne la diffusione.<\/p>\n<p>&nbsp;<\/p>\n<p>Un secondo nuovo studio attualmente in stampa al Neuron suggerisce infatti che le beta amiloidi nei pazienti affetti da Alzheimer potrebbero essere iperattivati da infezioni come l&#8217;herpes e formare placche nel tentativo di proteggere il cervello. L&#8217;ipotesi del documento &#8211; denominato &#8220;<em>l&#8217;ipotesi di protezione antimicrobica della malattia di Alzheimer<\/em>&#8221; &#8211; \u00e8 che i microbi herpes innescare l&#8217;accumulo di beta A, che a sua volta innesca la malattia di Alzheimer.<\/p>\n<p>&nbsp;<\/p>\n<p><strong>La malattia di Alzheimer rimane comunque una patologia multifattoriale, per cui \u00e8 difficile che si arrivi nel breve periodo ad una teoria che comprenda una sola causa per il suo insorgere. Ma forse il giorno in cui avremo un rimedio farmacologico si sta avvicinando.<\/strong><\/p>\n<p>&nbsp;<\/p>\n<p>&nbsp;<\/p>\n<p>Fonte: https:\/\/www.sciencenews.org\/article\/alzheimers-herpesvirus-possible-link<\/p>\n","protected":false},"excerpt":{"rendered":"<p>Alzheimer e Virus dell&#8217;herpes Una serie di nuovi articoli pubblicati di recente punta verso un responsabile inaspettato per la malattia di Alzheimer: il virus dell\u2019herpes (Human<span class=\"excerpt-hellip\"> [\u2026]<\/span><\/p>\n","protected":false},"author":1,"featured_media":2650,"comment_status":"closed","ping_status":"closed","sticky":false,"template":"","format":"standard","meta":{"jetpack_post_was_ever_published":false,"_jetpack_newsletter_access":"","_jetpack_dont_email_post_to_subs":false,"_jetpack_newsletter_tier_id":0,"_jetpack_memberships_contains_paywalled_content":false,"_jetpack_memberships_contains_paid_content":false,"footnotes":"","jetpack_publicize_message":"","jetpack_publicize_feature_enabled":true,"jetpack_social_post_already_shared":true,"jetpack_social_options":{"image_generator_settings":{"template":"highway","default_image_id":0,"font":"","enabled":false},"version":2}},"categories":[9],"tags":[26,27,29,28],"class_list":["post-2649","post","type-post","status-publish","format-standard","has-post-thumbnail","hentry","category-news","tag-alzheimer","tag-herpes","tag-morbo-di-alzheimer","tag-virus"],"yoast_head":"<!-- This site is optimized with the Yoast SEO plugin v26.2 - https:\/\/yoast.com\/wordpress\/plugins\/seo\/ -->\n<title>Alzheimer: scoperta una possibile nuova causa - Neurotablet by Neurab<\/title>\n<meta name=\"description\" content=\"Secondo recenti studi, lo sviluppo del morbo di Alzheimer potrebbe essere correlato alla reazione delle cellule cerebrali all&#039;herpesvirus umano (HHV).\" \/>\n<meta name=\"robots\" content=\"index, follow, max-snippet:-1, max-image-preview:large, max-video-preview:-1\" \/>\n<link rel=\"canonical\" href=\"https:\/\/www.neurotablet.com\/?p=2649\" \/>\n<meta property=\"og:locale\" content=\"it_IT\" \/>\n<meta property=\"og:type\" content=\"article\" \/>\n<meta property=\"og:title\" content=\"Alzheimer: scoperta una possibile nuova causa - Neurotablet by Neurab\" \/>\n<meta property=\"og:description\" content=\"Secondo recenti studi, lo sviluppo del morbo di Alzheimer potrebbe essere correlato alla reazione delle cellule cerebrali all&#039;herpesvirus umano (HHV).\" \/>\n<meta property=\"og:url\" content=\"https:\/\/www.neurotablet.com\/?p=2649\" \/>\n<meta property=\"og:site_name\" content=\"Neurotablet by Neurab\" \/>\n<meta property=\"article:published_time\" content=\"2018-07-09T14:31:17+00:00\" \/>\n<meta property=\"og:image\" content=\"https:\/\/www.neurotablet.com\/wp-content\/uploads\/2018\/07\/Alzheimer-1024x674.jpg\" \/>\n\t<meta property=\"og:image:width\" content=\"1024\" \/>\n\t<meta property=\"og:image:height\" content=\"674\" \/>\n\t<meta property=\"og:image:type\" content=\"image\/jpeg\" \/>\n<meta name=\"author\" content=\"admin\" \/>\n<meta name=\"twitter:card\" content=\"summary_large_image\" \/>\n<meta name=\"twitter:label1\" content=\"Scritto da\" \/>\n\t<meta name=\"twitter:data1\" content=\"admin\" \/>\n\t<meta name=\"twitter:label2\" content=\"Tempo di lettura stimato\" \/>\n\t<meta name=\"twitter:data2\" content=\"2 minuti\" \/>\n<script type=\"application\/ld+json\" class=\"yoast-schema-graph\">{\"@context\":\"https:\/\/schema.org\",\"@graph\":[{\"@type\":\"WebPage\",\"@id\":\"https:\/\/www.neurotablet.com\/?p=2649\",\"url\":\"https:\/\/www.neurotablet.com\/?p=2649\",\"name\":\"Alzheimer: scoperta una possibile nuova causa - Neurotablet by Neurab\",\"isPartOf\":{\"@id\":\"https:\/\/www.neurotablet.com\/#website\"},\"primaryImageOfPage\":{\"@id\":\"https:\/\/www.neurotablet.com\/?p=2649#primaryimage\"},\"image\":{\"@id\":\"https:\/\/www.neurotablet.com\/?p=2649#primaryimage\"},\"thumbnailUrl\":\"https:\/\/i0.wp.com\/www.neurotablet.com\/wp-content\/uploads\/2018\/07\/Alzheimer.jpg?fit=2868%2C1888&ssl=1\",\"datePublished\":\"2018-07-09T14:31:17+00:00\",\"author\":{\"@id\":\"https:\/\/www.neurotablet.com\/#\/schema\/person\/37588eea76483a80ad799bb6abd2b5e7\"},\"description\":\"Secondo recenti studi, lo sviluppo del morbo di Alzheimer potrebbe essere correlato alla reazione delle cellule cerebrali all'herpesvirus umano (HHV).\",\"breadcrumb\":{\"@id\":\"https:\/\/www.neurotablet.com\/?p=2649#breadcrumb\"},\"inLanguage\":\"it-IT\",\"potentialAction\":[{\"@type\":\"ReadAction\",\"target\":[\"https:\/\/www.neurotablet.com\/?p=2649\"]}]},{\"@type\":\"ImageObject\",\"inLanguage\":\"it-IT\",\"@id\":\"https:\/\/www.neurotablet.com\/?p=2649#primaryimage\",\"url\":\"https:\/\/i0.wp.com\/www.neurotablet.com\/wp-content\/uploads\/2018\/07\/Alzheimer.jpg?fit=2868%2C1888&ssl=1\",\"contentUrl\":\"https:\/\/i0.wp.com\/www.neurotablet.com\/wp-content\/uploads\/2018\/07\/Alzheimer.jpg?fit=2868%2C1888&ssl=1\",\"width\":2868,\"height\":1888},{\"@type\":\"BreadcrumbList\",\"@id\":\"https:\/\/www.neurotablet.com\/?p=2649#breadcrumb\",\"itemListElement\":[{\"@type\":\"ListItem\",\"position\":1,\"name\":\"Home\",\"item\":\"https:\/\/www.neurotablet.com\/\"},{\"@type\":\"ListItem\",\"position\":2,\"name\":\"Alzheimer: scoperta una possibile nuova causa\"}]},{\"@type\":\"WebSite\",\"@id\":\"https:\/\/www.neurotablet.com\/#website\",\"url\":\"https:\/\/www.neurotablet.com\/\",\"name\":\"Neurotablet by Neurab\",\"description\":\"Il tablet per la riabilitazione a distanza\",\"potentialAction\":[{\"@type\":\"SearchAction\",\"target\":{\"@type\":\"EntryPoint\",\"urlTemplate\":\"https:\/\/www.neurotablet.com\/?s={search_term_string}\"},\"query-input\":{\"@type\":\"PropertyValueSpecification\",\"valueRequired\":true,\"valueName\":\"search_term_string\"}}],\"inLanguage\":\"it-IT\"},{\"@type\":\"Person\",\"@id\":\"https:\/\/www.neurotablet.com\/#\/schema\/person\/37588eea76483a80ad799bb6abd2b5e7\",\"name\":\"admin\",\"image\":{\"@type\":\"ImageObject\",\"inLanguage\":\"it-IT\",\"@id\":\"https:\/\/www.neurotablet.com\/#\/schema\/person\/image\/\",\"url\":\"https:\/\/secure.gravatar.com\/avatar\/e702a12059779f0e379a0bbd5debb2e661e4cfa6212fd05ac05e59e8852de9b9?s=96&d=mm&r=g\",\"contentUrl\":\"https:\/\/secure.gravatar.com\/avatar\/e702a12059779f0e379a0bbd5debb2e661e4cfa6212fd05ac05e59e8852de9b9?s=96&d=mm&r=g\",\"caption\":\"admin\"},\"url\":\"https:\/\/www.neurotablet.com\/?author=1\"}]}<\/script>\n<!-- \/ Yoast SEO plugin. -->","yoast_head_json":{"title":"Alzheimer: scoperta una possibile nuova causa - Neurotablet by Neurab","description":"Secondo recenti studi, lo sviluppo del morbo di Alzheimer potrebbe essere correlato alla reazione delle cellule cerebrali all'herpesvirus umano (HHV).","robots":{"index":"index","follow":"follow","max-snippet":"max-snippet:-1","max-image-preview":"max-image-preview:large","max-video-preview":"max-video-preview:-1"},"canonical":"https:\/\/www.neurotablet.com\/?p=2649","og_locale":"it_IT","og_type":"article","og_title":"Alzheimer: scoperta una possibile nuova causa - Neurotablet by Neurab","og_description":"Secondo recenti studi, lo sviluppo del morbo di Alzheimer potrebbe essere correlato alla reazione delle cellule cerebrali all'herpesvirus umano (HHV).","og_url":"https:\/\/www.neurotablet.com\/?p=2649","og_site_name":"Neurotablet by Neurab","article_published_time":"2018-07-09T14:31:17+00:00","og_image":[{"width":1024,"height":674,"url":"https:\/\/www.neurotablet.com\/wp-content\/uploads\/2018\/07\/Alzheimer-1024x674.jpg","type":"image\/jpeg"}],"author":"admin","twitter_card":"summary_large_image","twitter_misc":{"Scritto da":"admin","Tempo di lettura stimato":"2 minuti"},"schema":{"@context":"https:\/\/schema.org","@graph":[{"@type":"WebPage","@id":"https:\/\/www.neurotablet.com\/?p=2649","url":"https:\/\/www.neurotablet.com\/?p=2649","name":"Alzheimer: scoperta una possibile nuova causa - Neurotablet by Neurab","isPartOf":{"@id":"https:\/\/www.neurotablet.com\/#website"},"primaryImageOfPage":{"@id":"https:\/\/www.neurotablet.com\/?p=2649#primaryimage"},"image":{"@id":"https:\/\/www.neurotablet.com\/?p=2649#primaryimage"},"thumbnailUrl":"https:\/\/i0.wp.com\/www.neurotablet.com\/wp-content\/uploads\/2018\/07\/Alzheimer.jpg?fit=2868%2C1888&ssl=1","datePublished":"2018-07-09T14:31:17+00:00","author":{"@id":"https:\/\/www.neurotablet.com\/#\/schema\/person\/37588eea76483a80ad799bb6abd2b5e7"},"description":"Secondo recenti studi, lo sviluppo del morbo di Alzheimer potrebbe essere correlato alla reazione delle cellule cerebrali all'herpesvirus umano (HHV).","breadcrumb":{"@id":"https:\/\/www.neurotablet.com\/?p=2649#breadcrumb"},"inLanguage":"it-IT","potentialAction":[{"@type":"ReadAction","target":["https:\/\/www.neurotablet.com\/?p=2649"]}]},{"@type":"ImageObject","inLanguage":"it-IT","@id":"https:\/\/www.neurotablet.com\/?p=2649#primaryimage","url":"https:\/\/i0.wp.com\/www.neurotablet.com\/wp-content\/uploads\/2018\/07\/Alzheimer.jpg?fit=2868%2C1888&ssl=1","contentUrl":"https:\/\/i0.wp.com\/www.neurotablet.com\/wp-content\/uploads\/2018\/07\/Alzheimer.jpg?fit=2868%2C1888&ssl=1","width":2868,"height":1888},{"@type":"BreadcrumbList","@id":"https:\/\/www.neurotablet.com\/?p=2649#breadcrumb","itemListElement":[{"@type":"ListItem","position":1,"name":"Home","item":"https:\/\/www.neurotablet.com\/"},{"@type":"ListItem","position":2,"name":"Alzheimer: scoperta una possibile nuova causa"}]},{"@type":"WebSite","@id":"https:\/\/www.neurotablet.com\/#website","url":"https:\/\/www.neurotablet.com\/","name":"Neurotablet by Neurab","description":"Il tablet per la riabilitazione a distanza","potentialAction":[{"@type":"SearchAction","target":{"@type":"EntryPoint","urlTemplate":"https:\/\/www.neurotablet.com\/?s={search_term_string}"},"query-input":{"@type":"PropertyValueSpecification","valueRequired":true,"valueName":"search_term_string"}}],"inLanguage":"it-IT"},{"@type":"Person","@id":"https:\/\/www.neurotablet.com\/#\/schema\/person\/37588eea76483a80ad799bb6abd2b5e7","name":"admin","image":{"@type":"ImageObject","inLanguage":"it-IT","@id":"https:\/\/www.neurotablet.com\/#\/schema\/person\/image\/","url":"https:\/\/secure.gravatar.com\/avatar\/e702a12059779f0e379a0bbd5debb2e661e4cfa6212fd05ac05e59e8852de9b9?s=96&d=mm&r=g","contentUrl":"https:\/\/secure.gravatar.com\/avatar\/e702a12059779f0e379a0bbd5debb2e661e4cfa6212fd05ac05e59e8852de9b9?s=96&d=mm&r=g","caption":"admin"},"url":"https:\/\/www.neurotablet.com\/?author=1"}]}},"jetpack_publicize_connections":[],"jetpack_featured_media_url":"https:\/\/i0.wp.com\/www.neurotablet.com\/wp-content\/uploads\/2018\/07\/Alzheimer.jpg?fit=2868%2C1888&ssl=1","jetpack_sharing_enabled":true,"jetpack_shortlink":"https:\/\/wp.me\/p7vm2r-GJ","jetpack-related-posts":[{"id":2652,"url":"https:\/\/www.neurotablet.com\/?p=2652","url_meta":{"origin":2649,"position":0},"title":"5 cose che non sai sulla demenza","author":"admin","date":"Luglio 11, 2018","format":false,"excerpt":"Cos\u2019\u00e8 davvero la demenza? Spesso non ci preoccupiamo di questo male, finch\u00e9 qualcuno dei nostri cari ne \u00e8 colpito. Ecco 5 cose da sapere su questa malattia: 1. La demenza \u00e8 un concetto ampio Ci sono diverse malattie definite in generale come \u201cdemenza\u201d che hanno in comune sintomi simili, come\u2026","rel":"","context":"In &quot;News&quot;","block_context":{"text":"News","link":"https:\/\/www.neurotablet.com\/?cat=9"},"img":{"alt_text":"demenza alzheimer deficit cognitivi","src":"https:\/\/i0.wp.com\/www.neurotablet.com\/wp-content\/uploads\/2017\/11\/deficit-cognitivi.jpg?fit=1200%2C1159&ssl=1&resize=350%2C200","width":350,"height":200,"srcset":"https:\/\/i0.wp.com\/www.neurotablet.com\/wp-content\/uploads\/2017\/11\/deficit-cognitivi.jpg?fit=1200%2C1159&ssl=1&resize=350%2C200 1x, https:\/\/i0.wp.com\/www.neurotablet.com\/wp-content\/uploads\/2017\/11\/deficit-cognitivi.jpg?fit=1200%2C1159&ssl=1&resize=525%2C300 1.5x, https:\/\/i0.wp.com\/www.neurotablet.com\/wp-content\/uploads\/2017\/11\/deficit-cognitivi.jpg?fit=1200%2C1159&ssl=1&resize=700%2C400 2x, https:\/\/i0.wp.com\/www.neurotablet.com\/wp-content\/uploads\/2017\/11\/deficit-cognitivi.jpg?fit=1200%2C1159&ssl=1&resize=1050%2C600 3x"},"classes":[]},{"id":2584,"url":"https:\/\/www.neurotablet.com\/?p=2584","url_meta":{"origin":2649,"position":1},"title":"Lesioni cerebrali e deficit cognitivi acquisiti: cosa sono, come intervenire","author":"admin","date":"Novembre 24, 2017","format":false,"excerpt":"Cosa sono i deficit cognitivi acquisiti? Si tratta di disturbi che insorgono in seguito a\u00a0lesioni cerebrali di varia natura\u00a0e i sintomi variano molto in relazione al tipo di lesione. I deficit cognitivi che si incontrano possono riguardare\u00a0l\u2019attenzione, la\u00a0memoria, il\u00a0linguaggio, il\u00a0movimento, la\u00a0percezione\u00a0e le cosiddette\u00a0funzioni esecutive. Le lesioni cerebrali possono essere cos\u00ec\u2026","rel":"","context":"In &quot;News&quot;","block_context":{"text":"News","link":"https:\/\/www.neurotablet.com\/?cat=9"},"img":{"alt_text":"demenza alzheimer deficit cognitivi","src":"https:\/\/i0.wp.com\/www.neurotablet.com\/wp-content\/uploads\/2017\/11\/deficit-cognitivi.jpg?fit=1200%2C1159&ssl=1&resize=350%2C200","width":350,"height":200,"srcset":"https:\/\/i0.wp.com\/www.neurotablet.com\/wp-content\/uploads\/2017\/11\/deficit-cognitivi.jpg?fit=1200%2C1159&ssl=1&resize=350%2C200 1x, https:\/\/i0.wp.com\/www.neurotablet.com\/wp-content\/uploads\/2017\/11\/deficit-cognitivi.jpg?fit=1200%2C1159&ssl=1&resize=525%2C300 1.5x, https:\/\/i0.wp.com\/www.neurotablet.com\/wp-content\/uploads\/2017\/11\/deficit-cognitivi.jpg?fit=1200%2C1159&ssl=1&resize=700%2C400 2x, https:\/\/i0.wp.com\/www.neurotablet.com\/wp-content\/uploads\/2017\/11\/deficit-cognitivi.jpg?fit=1200%2C1159&ssl=1&resize=1050%2C600 3x"},"classes":[]},{"id":3042,"url":"https:\/\/www.neurotablet.com\/?p=3042","url_meta":{"origin":2649,"position":2},"title":"ALZHEIMER: PASSO AVANTI VERSO LA SCOPERTA DEI MECCANISMI SOTTOSTANTI LA NEURODEGENERAZIONE","author":"admin","date":"Febbraio 10, 2021","format":false,"excerpt":"Nasce dalla collaborazione tra l\u2019Universit\u00e0 degli Studi di Roma Tre, l\u2019University of Texas Medical Branch e l\u2019Oregon Health & Science University uno studio recente pubblicato su The Journal of Neuroscience con il titolo \u201cOxidative damage and antioxidant response in frontal cortex of demented and non-demented individuals with Alzheimer\u2019s neuropathology\u201d [1].\u2026","rel":"","context":"Articolo simile","block_context":{"text":"Articolo simile","link":""},"img":{"alt_text":"","src":"https:\/\/i0.wp.com\/www.neurotablet.com\/wp-content\/uploads\/2021\/02\/fotoALz.png?fit=1072%2C627&ssl=1&resize=350%2C200","width":350,"height":200,"srcset":"https:\/\/i0.wp.com\/www.neurotablet.com\/wp-content\/uploads\/2021\/02\/fotoALz.png?fit=1072%2C627&ssl=1&resize=350%2C200 1x, https:\/\/i0.wp.com\/www.neurotablet.com\/wp-content\/uploads\/2021\/02\/fotoALz.png?fit=1072%2C627&ssl=1&resize=525%2C300 1.5x, https:\/\/i0.wp.com\/www.neurotablet.com\/wp-content\/uploads\/2021\/02\/fotoALz.png?fit=1072%2C627&ssl=1&resize=700%2C400 2x, https:\/\/i0.wp.com\/www.neurotablet.com\/wp-content\/uploads\/2021\/02\/fotoALz.png?fit=1072%2C627&ssl=1&resize=1050%2C600 3x"},"classes":[]},{"id":3088,"url":"https:\/\/www.neurotablet.com\/?p=3088","url_meta":{"origin":2649,"position":3},"title":"FAQ: DOMANDE FREQUENTI SUL PARKINSON","author":"admin","date":"Luglio 21, 2021","format":false,"excerpt":"La Malattia di Parkinson \u00e8 una malattia neurodegenerativa e progressiva causata dalla morte dei neuroni dopaminergici. La qualit\u00e0 di vita del paziente affetto da questa patologia \u00e8 fortemente compromessa:\u00a0i sintomi sono principalmente motori, come tremore a riposo, rigidit\u00e0, bradicinesia (lentezza nell\u2019esecuzione dei movimenti) e instabilit\u00e0 posturale. \u00c8 frequente che si\u2026","rel":"","context":"Articolo simile","block_context":{"text":"Articolo simile","link":""},"img":{"alt_text":"","src":"https:\/\/i0.wp.com\/www.neurotablet.com\/wp-content\/uploads\/2021\/07\/pexels-pixabay-221164.jpg?fit=1200%2C800&ssl=1&resize=350%2C200","width":350,"height":200,"srcset":"https:\/\/i0.wp.com\/www.neurotablet.com\/wp-content\/uploads\/2021\/07\/pexels-pixabay-221164.jpg?fit=1200%2C800&ssl=1&resize=350%2C200 1x, https:\/\/i0.wp.com\/www.neurotablet.com\/wp-content\/uploads\/2021\/07\/pexels-pixabay-221164.jpg?fit=1200%2C800&ssl=1&resize=525%2C300 1.5x, https:\/\/i0.wp.com\/www.neurotablet.com\/wp-content\/uploads\/2021\/07\/pexels-pixabay-221164.jpg?fit=1200%2C800&ssl=1&resize=700%2C400 2x, https:\/\/i0.wp.com\/www.neurotablet.com\/wp-content\/uploads\/2021\/07\/pexels-pixabay-221164.jpg?fit=1200%2C800&ssl=1&resize=1050%2C600 3x"},"classes":[]},{"id":2916,"url":"https:\/\/www.neurotablet.com\/?p=2916","url_meta":{"origin":2649,"position":4},"title":"PAZIENTI NEUROLOGICI SENZA CURE ADEGUATE A CAUSA DEL CORONAVIRUS","author":"admin","date":"Giugno 1, 2020","format":false,"excerpt":"Se non si accede tempestivamente alle cure e senza un opportuno percorso di riabilitazione le conseguenze neurologiche potrebbero essere gravissime, come disabilit\u00e0 severa o addirittura morte: ecco perch\u00e8 ora pi\u00f9 che mai \u00e8 necessario sfruttare la tecnologia che permette di svolgere la riabilitazione direttamente da casa. Durante il lockdown Neurab\u2026","rel":"","context":"In &quot;News&quot;","block_context":{"text":"News","link":"https:\/\/www.neurotablet.com\/?cat=9"},"img":{"alt_text":"","src":"https:\/\/i0.wp.com\/www.neurotablet.com\/wp-content\/uploads\/2020\/06\/paziente-ictus.jpg?fit=1020%2C533&ssl=1&resize=350%2C200","width":350,"height":200,"srcset":"https:\/\/i0.wp.com\/www.neurotablet.com\/wp-content\/uploads\/2020\/06\/paziente-ictus.jpg?fit=1020%2C533&ssl=1&resize=350%2C200 1x, https:\/\/i0.wp.com\/www.neurotablet.com\/wp-content\/uploads\/2020\/06\/paziente-ictus.jpg?fit=1020%2C533&ssl=1&resize=525%2C300 1.5x, https:\/\/i0.wp.com\/www.neurotablet.com\/wp-content\/uploads\/2020\/06\/paziente-ictus.jpg?fit=1020%2C533&ssl=1&resize=700%2C400 2x"},"classes":[]},{"id":2589,"url":"https:\/\/www.neurotablet.com\/?p=2589","url_meta":{"origin":2649,"position":5},"title":"Deficit e riabilitazione dell&#8217;attenzione","author":"admin","date":"Dicembre 6, 2017","format":false,"excerpt":"Cos'\u00e8 l'attenzione? L\u2019attenzione si riferisce a molteplici processi cognitivi che sottostanno a specifici meccanismi neurali. L\u2019insieme di tali processi rende possibile il monitoraggio di eventi esterni e interni al nostro corpo in modo da fornire un output di risposta ad essi adeguato. Com\u2019\u00e8 possibile che siamo capaci di ascoltare la\u2026","rel":"","context":"In &quot;News&quot;","block_context":{"text":"News","link":"https:\/\/www.neurotablet.com\/?cat=9"},"img":{"alt_text":"","src":"https:\/\/i0.wp.com\/www.neurotablet.com\/wp-content\/uploads\/2017\/01\/signora.jpg?fit=1200%2C750&ssl=1&resize=350%2C200","width":350,"height":200,"srcset":"https:\/\/i0.wp.com\/www.neurotablet.com\/wp-content\/uploads\/2017\/01\/signora.jpg?fit=1200%2C750&ssl=1&resize=350%2C200 1x, https:\/\/i0.wp.com\/www.neurotablet.com\/wp-content\/uploads\/2017\/01\/signora.jpg?fit=1200%2C750&ssl=1&resize=525%2C300 1.5x, https:\/\/i0.wp.com\/www.neurotablet.com\/wp-content\/uploads\/2017\/01\/signora.jpg?fit=1200%2C750&ssl=1&resize=700%2C400 2x, https:\/\/i0.wp.com\/www.neurotablet.com\/wp-content\/uploads\/2017\/01\/signora.jpg?fit=1200%2C750&ssl=1&resize=1050%2C600 3x"},"classes":[]}],"_links":{"self":[{"href":"https:\/\/www.neurotablet.com\/index.php?rest_route=\/wp\/v2\/posts\/2649","targetHints":{"allow":["GET"]}}],"collection":[{"href":"https:\/\/www.neurotablet.com\/index.php?rest_route=\/wp\/v2\/posts"}],"about":[{"href":"https:\/\/www.neurotablet.com\/index.php?rest_route=\/wp\/v2\/types\/post"}],"author":[{"embeddable":true,"href":"https:\/\/www.neurotablet.com\/index.php?rest_route=\/wp\/v2\/users\/1"}],"replies":[{"embeddable":true,"href":"https:\/\/www.neurotablet.com\/index.php?rest_route=%2Fwp%2Fv2%2Fcomments&post=2649"}],"version-history":[{"count":1,"href":"https:\/\/www.neurotablet.com\/index.php?rest_route=\/wp\/v2\/posts\/2649\/revisions"}],"predecessor-version":[{"id":2651,"href":"https:\/\/www.neurotablet.com\/index.php?rest_route=\/wp\/v2\/posts\/2649\/revisions\/2651"}],"wp:featuredmedia":[{"embeddable":true,"href":"https:\/\/www.neurotablet.com\/index.php?rest_route=\/wp\/v2\/media\/2650"}],"wp:attachment":[{"href":"https:\/\/www.neurotablet.com\/index.php?rest_route=%2Fwp%2Fv2%2Fmedia&parent=2649"}],"wp:term":[{"taxonomy":"category","embeddable":true,"href":"https:\/\/www.neurotablet.com\/index.php?rest_route=%2Fwp%2Fv2%2Fcategories&post=2649"},{"taxonomy":"post_tag","embeddable":true,"href":"https:\/\/www.neurotablet.com\/index.php?rest_route=%2Fwp%2Fv2%2Ftags&post=2649"}],"curies":[{"name":"wp","href":"https:\/\/api.w.org\/{rel}","templated":true}]}}