{"id":2652,"date":"2018-07-11T07:35:31","date_gmt":"2018-07-11T07:35:31","guid":{"rendered":"http:\/\/www.neurotablet.com\/?p=2652"},"modified":"2018-07-11T07:35:31","modified_gmt":"2018-07-11T07:35:31","slug":"5-cose-non-sai-sulla-demenza","status":"publish","type":"post","link":"https:\/\/www.neurotablet.com\/?p=2652","title":{"rendered":"5 cose che non sai sulla demenza"},"content":{"rendered":"<h3>Cos\u2019\u00e8 davvero la demenza? Spesso non ci preoccupiamo di questo male, finch\u00e9 qualcuno dei nostri cari ne \u00e8 colpito.<\/h3>\n<p>Ecco 5 cose da sapere su questa malattia:<\/p>\n<h4>\n<strong><br \/>\n1. La demenza \u00e8 un concetto ampio<\/strong><\/h4>\n<p>Ci sono diverse malattie definite in generale come \u201cdemenza\u201d che hanno in comune sintomi simili, come la confusione e la perdita di memoria. Il morbo di Alzheimer \u00e8 il tipo pi\u00f9 comune tra le demenze e colpisce due terzi delle persone over 65 affette da demenza. Vi sono per\u00f2 altre malattie, come la demenza vascolare, frontotemporale, e la demenza da corpi di Lewy.<\/p>\n<h4><strong><br \/>\n2. Il 3% della popolazione del Regno Unito ne sar\u00e0 affetta entro il 2051<\/strong><\/h4>\n<p>Al momento, nel Regno Unito vi sono oltre 850.000 persone affette da demenza, cifra che aumenter\u00e0 a un milione entro il 2021 e due milioni entro il 2051 (con una popolazione totale di 77,4 milioni di pesone). I costi legati a questa malattia sono ingenti: oltre 26 miliardi di sterline, pi\u00f9 delle cure per il cancro e i problemi cardiaci, ma si spende solamente \u00a390 a paziente per la ricerca sulla demenza.<\/p>\n<p>Walter Ricciardi, Presidente dell\u2019Istituto Superiore di Sanit\u00e0, afferma che in Italia si stima circa un milione di persone colpite da demenza e tre milioni di familiari che vivono con loro. Questa \u00e8 una vera e propria sfida per la sanit\u00e0 del futuro, correlata anche all\u2019aumento dell\u2019et\u00e0 media.<\/p>\n<h4><strong>3. Cina, India e Africa avranno l\u2019aumento pi\u00f9 rapido<\/strong><\/h4>\n<p>A livello mondiale, la demenza colpisce pi\u00f9 di 44 milioni di persone, non soltanto nei paesi pi\u00f9 ricchi e sviluppati. Nei prossimi 20 anni, infatti, si prevede un enorme aumento di casi di demenza in Cina, India e nell\u2019Africa Sub-Sahariana.<\/p>\n<h4><strong>4<img data-recalc-dims=\"1\" fetchpriority=\"high\" decoding=\"async\" data-attachment-id=\"2655\" data-permalink=\"https:\/\/www.neurotablet.com\/?attachment_id=2655\" data-orig-file=\"https:\/\/i0.wp.com\/www.neurotablet.com\/wp-content\/uploads\/2018\/07\/plasticit%C3%A0-cerebrale-demenza-training-cognitivo-e1531294512804.jpg?fit=2540%2C2524&amp;ssl=1\" data-orig-size=\"2540,2524\" data-comments-opened=\"0\" data-image-meta=\"{&quot;aperture&quot;:&quot;0&quot;,&quot;credit&quot;:&quot;&quot;,&quot;camera&quot;:&quot;&quot;,&quot;caption&quot;:&quot;&quot;,&quot;created_timestamp&quot;:&quot;0&quot;,&quot;copyright&quot;:&quot;&quot;,&quot;focal_length&quot;:&quot;0&quot;,&quot;iso&quot;:&quot;0&quot;,&quot;shutter_speed&quot;:&quot;0&quot;,&quot;title&quot;:&quot;&quot;,&quot;orientation&quot;:&quot;0&quot;}\" data-image-title=\"plasticit\u00e0 cerebrale demenza training cognitivo\" data-image-description=\"\" data-image-caption=\"\" data-medium-file=\"https:\/\/i0.wp.com\/www.neurotablet.com\/wp-content\/uploads\/2018\/07\/plasticit%C3%A0-cerebrale-demenza-training-cognitivo-e1531294512804.jpg?fit=300%2C298&amp;ssl=1\" data-large-file=\"https:\/\/i0.wp.com\/www.neurotablet.com\/wp-content\/uploads\/2018\/07\/plasticit%C3%A0-cerebrale-demenza-training-cognitivo-e1531294512804.jpg?fit=1024%2C1018&amp;ssl=1\" class=\"alignright wp-image-2655 size-medium\" src=\"https:\/\/i0.wp.com\/www.neurotablet.com\/wp-content\/uploads\/2018\/07\/plasticit%C3%A0-cerebrale-demenza-training-cognitivo-e1531294512804-300x298.jpg?resize=300%2C298\" alt=\"\" width=\"300\" height=\"298\" srcset=\"https:\/\/i0.wp.com\/www.neurotablet.com\/wp-content\/uploads\/2018\/07\/plasticit%C3%A0-cerebrale-demenza-training-cognitivo-e1531294512804.jpg?resize=300%2C298&amp;ssl=1 300w, https:\/\/i0.wp.com\/www.neurotablet.com\/wp-content\/uploads\/2018\/07\/plasticit%C3%A0-cerebrale-demenza-training-cognitivo-e1531294512804.jpg?resize=150%2C150&amp;ssl=1 150w, https:\/\/i0.wp.com\/www.neurotablet.com\/wp-content\/uploads\/2018\/07\/plasticit%C3%A0-cerebrale-demenza-training-cognitivo-e1531294512804.jpg?resize=768%2C763&amp;ssl=1 768w, https:\/\/i0.wp.com\/www.neurotablet.com\/wp-content\/uploads\/2018\/07\/plasticit%C3%A0-cerebrale-demenza-training-cognitivo-e1531294512804.jpg?resize=1024%2C1018&amp;ssl=1 1024w, https:\/\/i0.wp.com\/www.neurotablet.com\/wp-content\/uploads\/2018\/07\/plasticit%C3%A0-cerebrale-demenza-training-cognitivo-e1531294512804.jpg?resize=147%2C146&amp;ssl=1 147w, https:\/\/i0.wp.com\/www.neurotablet.com\/wp-content\/uploads\/2018\/07\/plasticit%C3%A0-cerebrale-demenza-training-cognitivo-e1531294512804.jpg?resize=50%2C50&amp;ssl=1 50w, https:\/\/i0.wp.com\/www.neurotablet.com\/wp-content\/uploads\/2018\/07\/plasticit%C3%A0-cerebrale-demenza-training-cognitivo-e1531294512804.jpg?resize=75%2C75&amp;ssl=1 75w, https:\/\/i0.wp.com\/www.neurotablet.com\/wp-content\/uploads\/2018\/07\/plasticit%C3%A0-cerebrale-demenza-training-cognitivo-e1531294512804.jpg?resize=85%2C85&amp;ssl=1 85w, https:\/\/i0.wp.com\/www.neurotablet.com\/wp-content\/uploads\/2018\/07\/plasticit%C3%A0-cerebrale-demenza-training-cognitivo-e1531294512804.jpg?resize=80%2C80&amp;ssl=1 80w, https:\/\/i0.wp.com\/www.neurotablet.com\/wp-content\/uploads\/2018\/07\/plasticit%C3%A0-cerebrale-demenza-training-cognitivo-e1531294512804.jpg?w=2400 2400w\" sizes=\"(max-width: 300px) 100vw, 300px\" \/>. Le donne sono le pi\u00f9 colpite<\/strong><\/h4>\n<p>Nel Regno Unito, mezzo milione di donne convivono con la demenza e sembra essere la causa maggiore di morte femminile in Inghilterra e in Galles. Nei soli Paesi dell\u2019Unione Europea, le stime pi\u00f9 attendibili parlano della prospettiva di superare, nel 2020, i 15 milioni di persone affette da demenze, con una ratio femmine\/maschi che ipotizza pi\u00f9 del doppio dei casi per il genere femminile rispetto a quello maschile.<\/p>\n<h4><strong><br \/>\n5. Non \u00e8 solo perdita di memoria<\/strong><\/h4>\n<p>La perdita della memoria \u00e8 un segnale molto comune, ma i sintomi sono molto pi\u00f9 vari. Vanno infatti dalla confusione generale e da un senso di disorientamento, alla difficolt\u00e0 a comunicare. Si verificano anche sbalzi d\u2019umore, cambi di personalit\u00e0 e persino atteggiamenti aggressivi.<\/p>\n<p>&nbsp;<\/p>\n<h4>In conclusione<\/h4>\n<p>Non vi \u00e8 una vera e propria cura, ma certe attivit\u00e0 e lo stile di vita possono rallentarne o addirittura ritardarne lo sviluppo. Secondo un\u00a0importante studio, ad esempio,\u00a0<strong>esercizio fisico, training cognitivo, alimentazione sana e attivit\u00e0 sociali<\/strong> possono prevenire Alzheimer e altre forme di demenza.<\/p>\n","protected":false},"excerpt":{"rendered":"<p>Cos\u2019\u00e8 davvero la demenza? Spesso non ci preoccupiamo di questo male, finch\u00e9 qualcuno dei nostri cari ne \u00e8 colpito. Ecco 5 cose da sapere su questa<span class=\"excerpt-hellip\"> [\u2026]<\/span><\/p>\n","protected":false},"author":1,"featured_media":2587,"comment_status":"closed","ping_status":"closed","sticky":false,"template":"","format":"standard","meta":{"jetpack_post_was_ever_published":false,"_jetpack_newsletter_access":"","_jetpack_dont_email_post_to_subs":false,"_jetpack_newsletter_tier_id":0,"_jetpack_memberships_contains_paywalled_content":false,"_jetpack_memberships_contains_paid_content":false,"footnotes":"","jetpack_publicize_message":"","jetpack_publicize_feature_enabled":true,"jetpack_social_post_already_shared":true,"jetpack_social_options":{"image_generator_settings":{"template":"highway","default_image_id":0,"font":"","enabled":false},"version":2}},"categories":[9],"tags":[26,30,31],"class_list":["post-2652","post","type-post","status-publish","format-standard","has-post-thumbnail","hentry","category-news","tag-alzheimer","tag-demenza","tag-training-cognitivo"],"yoast_head":"<!-- This site is optimized with the Yoast SEO plugin v26.2 - https:\/\/yoast.com\/wordpress\/plugins\/seo\/ -->\n<title>5 cose che non sai sulla demenza - Neurotablet by Neurab<\/title>\n<meta name=\"robots\" content=\"index, follow, max-snippet:-1, max-image-preview:large, max-video-preview:-1\" \/>\n<link rel=\"canonical\" href=\"https:\/\/www.neurotablet.com\/?p=2652\" \/>\n<meta property=\"og:locale\" content=\"it_IT\" \/>\n<meta property=\"og:type\" content=\"article\" \/>\n<meta property=\"og:title\" content=\"5 cose che non sai sulla demenza - Neurotablet by Neurab\" \/>\n<meta property=\"og:description\" content=\"Cos\u2019\u00e8 davvero la demenza? Spesso non ci preoccupiamo di questo male, finch\u00e9 qualcuno dei nostri cari ne \u00e8 colpito. Ecco 5 cose da sapere su questa [\u2026]\" \/>\n<meta property=\"og:url\" content=\"https:\/\/www.neurotablet.com\/?p=2652\" \/>\n<meta property=\"og:site_name\" content=\"Neurotablet by Neurab\" \/>\n<meta property=\"article:published_time\" content=\"2018-07-11T07:35:31+00:00\" \/>\n<meta property=\"og:image\" content=\"https:\/\/www.neurotablet.com\/wp-content\/uploads\/2017\/11\/deficit-cognitivi-1024x989.jpg\" \/>\n\t<meta property=\"og:image:width\" content=\"1024\" \/>\n\t<meta property=\"og:image:height\" content=\"989\" \/>\n\t<meta property=\"og:image:type\" content=\"image\/jpeg\" \/>\n<meta name=\"author\" content=\"admin\" \/>\n<meta name=\"twitter:card\" content=\"summary_large_image\" \/>\n<meta name=\"twitter:label1\" content=\"Scritto da\" \/>\n\t<meta name=\"twitter:data1\" content=\"admin\" \/>\n\t<meta name=\"twitter:label2\" content=\"Tempo di lettura stimato\" \/>\n\t<meta name=\"twitter:data2\" content=\"2 minuti\" \/>\n<script type=\"application\/ld+json\" class=\"yoast-schema-graph\">{\"@context\":\"https:\/\/schema.org\",\"@graph\":[{\"@type\":\"WebPage\",\"@id\":\"https:\/\/www.neurotablet.com\/?p=2652\",\"url\":\"https:\/\/www.neurotablet.com\/?p=2652\",\"name\":\"5 cose che non sai sulla demenza - Neurotablet by Neurab\",\"isPartOf\":{\"@id\":\"https:\/\/www.neurotablet.com\/#website\"},\"primaryImageOfPage\":{\"@id\":\"https:\/\/www.neurotablet.com\/?p=2652#primaryimage\"},\"image\":{\"@id\":\"https:\/\/www.neurotablet.com\/?p=2652#primaryimage\"},\"thumbnailUrl\":\"https:\/\/i0.wp.com\/www.neurotablet.com\/wp-content\/uploads\/2017\/11\/deficit-cognitivi.jpg?fit=3000%2C2898&ssl=1\",\"datePublished\":\"2018-07-11T07:35:31+00:00\",\"author\":{\"@id\":\"https:\/\/www.neurotablet.com\/#\/schema\/person\/37588eea76483a80ad799bb6abd2b5e7\"},\"breadcrumb\":{\"@id\":\"https:\/\/www.neurotablet.com\/?p=2652#breadcrumb\"},\"inLanguage\":\"it-IT\",\"potentialAction\":[{\"@type\":\"ReadAction\",\"target\":[\"https:\/\/www.neurotablet.com\/?p=2652\"]}]},{\"@type\":\"ImageObject\",\"inLanguage\":\"it-IT\",\"@id\":\"https:\/\/www.neurotablet.com\/?p=2652#primaryimage\",\"url\":\"https:\/\/i0.wp.com\/www.neurotablet.com\/wp-content\/uploads\/2017\/11\/deficit-cognitivi.jpg?fit=3000%2C2898&ssl=1\",\"contentUrl\":\"https:\/\/i0.wp.com\/www.neurotablet.com\/wp-content\/uploads\/2017\/11\/deficit-cognitivi.jpg?fit=3000%2C2898&ssl=1\",\"width\":3000,\"height\":2898,\"caption\":\"demenza alzheimer deficit cognitivi\"},{\"@type\":\"BreadcrumbList\",\"@id\":\"https:\/\/www.neurotablet.com\/?p=2652#breadcrumb\",\"itemListElement\":[{\"@type\":\"ListItem\",\"position\":1,\"name\":\"Home\",\"item\":\"https:\/\/www.neurotablet.com\/\"},{\"@type\":\"ListItem\",\"position\":2,\"name\":\"5 cose che non sai sulla demenza\"}]},{\"@type\":\"WebSite\",\"@id\":\"https:\/\/www.neurotablet.com\/#website\",\"url\":\"https:\/\/www.neurotablet.com\/\",\"name\":\"Neurotablet by Neurab\",\"description\":\"Il tablet per la riabilitazione a distanza\",\"potentialAction\":[{\"@type\":\"SearchAction\",\"target\":{\"@type\":\"EntryPoint\",\"urlTemplate\":\"https:\/\/www.neurotablet.com\/?s={search_term_string}\"},\"query-input\":{\"@type\":\"PropertyValueSpecification\",\"valueRequired\":true,\"valueName\":\"search_term_string\"}}],\"inLanguage\":\"it-IT\"},{\"@type\":\"Person\",\"@id\":\"https:\/\/www.neurotablet.com\/#\/schema\/person\/37588eea76483a80ad799bb6abd2b5e7\",\"name\":\"admin\",\"image\":{\"@type\":\"ImageObject\",\"inLanguage\":\"it-IT\",\"@id\":\"https:\/\/www.neurotablet.com\/#\/schema\/person\/image\/\",\"url\":\"https:\/\/secure.gravatar.com\/avatar\/e702a12059779f0e379a0bbd5debb2e661e4cfa6212fd05ac05e59e8852de9b9?s=96&d=mm&r=g\",\"contentUrl\":\"https:\/\/secure.gravatar.com\/avatar\/e702a12059779f0e379a0bbd5debb2e661e4cfa6212fd05ac05e59e8852de9b9?s=96&d=mm&r=g\",\"caption\":\"admin\"},\"url\":\"https:\/\/www.neurotablet.com\/?author=1\"}]}<\/script>\n<!-- \/ Yoast SEO plugin. -->","yoast_head_json":{"title":"5 cose che non sai sulla demenza - Neurotablet by Neurab","robots":{"index":"index","follow":"follow","max-snippet":"max-snippet:-1","max-image-preview":"max-image-preview:large","max-video-preview":"max-video-preview:-1"},"canonical":"https:\/\/www.neurotablet.com\/?p=2652","og_locale":"it_IT","og_type":"article","og_title":"5 cose che non sai sulla demenza - Neurotablet by Neurab","og_description":"Cos\u2019\u00e8 davvero la demenza? Spesso non ci preoccupiamo di questo male, finch\u00e9 qualcuno dei nostri cari ne \u00e8 colpito. Ecco 5 cose da sapere su questa [\u2026]","og_url":"https:\/\/www.neurotablet.com\/?p=2652","og_site_name":"Neurotablet by Neurab","article_published_time":"2018-07-11T07:35:31+00:00","og_image":[{"width":1024,"height":989,"url":"https:\/\/www.neurotablet.com\/wp-content\/uploads\/2017\/11\/deficit-cognitivi-1024x989.jpg","type":"image\/jpeg"}],"author":"admin","twitter_card":"summary_large_image","twitter_misc":{"Scritto da":"admin","Tempo di lettura stimato":"2 minuti"},"schema":{"@context":"https:\/\/schema.org","@graph":[{"@type":"WebPage","@id":"https:\/\/www.neurotablet.com\/?p=2652","url":"https:\/\/www.neurotablet.com\/?p=2652","name":"5 cose che non sai sulla demenza - Neurotablet by Neurab","isPartOf":{"@id":"https:\/\/www.neurotablet.com\/#website"},"primaryImageOfPage":{"@id":"https:\/\/www.neurotablet.com\/?p=2652#primaryimage"},"image":{"@id":"https:\/\/www.neurotablet.com\/?p=2652#primaryimage"},"thumbnailUrl":"https:\/\/i0.wp.com\/www.neurotablet.com\/wp-content\/uploads\/2017\/11\/deficit-cognitivi.jpg?fit=3000%2C2898&ssl=1","datePublished":"2018-07-11T07:35:31+00:00","author":{"@id":"https:\/\/www.neurotablet.com\/#\/schema\/person\/37588eea76483a80ad799bb6abd2b5e7"},"breadcrumb":{"@id":"https:\/\/www.neurotablet.com\/?p=2652#breadcrumb"},"inLanguage":"it-IT","potentialAction":[{"@type":"ReadAction","target":["https:\/\/www.neurotablet.com\/?p=2652"]}]},{"@type":"ImageObject","inLanguage":"it-IT","@id":"https:\/\/www.neurotablet.com\/?p=2652#primaryimage","url":"https:\/\/i0.wp.com\/www.neurotablet.com\/wp-content\/uploads\/2017\/11\/deficit-cognitivi.jpg?fit=3000%2C2898&ssl=1","contentUrl":"https:\/\/i0.wp.com\/www.neurotablet.com\/wp-content\/uploads\/2017\/11\/deficit-cognitivi.jpg?fit=3000%2C2898&ssl=1","width":3000,"height":2898,"caption":"demenza alzheimer deficit cognitivi"},{"@type":"BreadcrumbList","@id":"https:\/\/www.neurotablet.com\/?p=2652#breadcrumb","itemListElement":[{"@type":"ListItem","position":1,"name":"Home","item":"https:\/\/www.neurotablet.com\/"},{"@type":"ListItem","position":2,"name":"5 cose che non sai sulla demenza"}]},{"@type":"WebSite","@id":"https:\/\/www.neurotablet.com\/#website","url":"https:\/\/www.neurotablet.com\/","name":"Neurotablet by Neurab","description":"Il tablet per la riabilitazione a distanza","potentialAction":[{"@type":"SearchAction","target":{"@type":"EntryPoint","urlTemplate":"https:\/\/www.neurotablet.com\/?s={search_term_string}"},"query-input":{"@type":"PropertyValueSpecification","valueRequired":true,"valueName":"search_term_string"}}],"inLanguage":"it-IT"},{"@type":"Person","@id":"https:\/\/www.neurotablet.com\/#\/schema\/person\/37588eea76483a80ad799bb6abd2b5e7","name":"admin","image":{"@type":"ImageObject","inLanguage":"it-IT","@id":"https:\/\/www.neurotablet.com\/#\/schema\/person\/image\/","url":"https:\/\/secure.gravatar.com\/avatar\/e702a12059779f0e379a0bbd5debb2e661e4cfa6212fd05ac05e59e8852de9b9?s=96&d=mm&r=g","contentUrl":"https:\/\/secure.gravatar.com\/avatar\/e702a12059779f0e379a0bbd5debb2e661e4cfa6212fd05ac05e59e8852de9b9?s=96&d=mm&r=g","caption":"admin"},"url":"https:\/\/www.neurotablet.com\/?author=1"}]}},"jetpack_publicize_connections":[],"jetpack_featured_media_url":"https:\/\/i0.wp.com\/www.neurotablet.com\/wp-content\/uploads\/2017\/11\/deficit-cognitivi.jpg?fit=3000%2C2898&ssl=1","jetpack_sharing_enabled":true,"jetpack_shortlink":"https:\/\/wp.me\/p7vm2r-GM","jetpack-related-posts":[{"id":3042,"url":"https:\/\/www.neurotablet.com\/?p=3042","url_meta":{"origin":2652,"position":0},"title":"ALZHEIMER: PASSO AVANTI VERSO LA SCOPERTA DEI MECCANISMI SOTTOSTANTI LA NEURODEGENERAZIONE","author":"admin","date":"Febbraio 10, 2021","format":false,"excerpt":"Nasce dalla collaborazione tra l\u2019Universit\u00e0 degli Studi di Roma Tre, l\u2019University of Texas Medical Branch e l\u2019Oregon Health & Science University uno studio recente pubblicato su The Journal of Neuroscience con il titolo \u201cOxidative damage and antioxidant response in frontal cortex of demented and non-demented individuals with Alzheimer\u2019s neuropathology\u201d [1].\u2026","rel":"","context":"Articolo simile","block_context":{"text":"Articolo simile","link":""},"img":{"alt_text":"","src":"https:\/\/i0.wp.com\/www.neurotablet.com\/wp-content\/uploads\/2021\/02\/fotoALz.png?fit=1072%2C627&ssl=1&resize=350%2C200","width":350,"height":200,"srcset":"https:\/\/i0.wp.com\/www.neurotablet.com\/wp-content\/uploads\/2021\/02\/fotoALz.png?fit=1072%2C627&ssl=1&resize=350%2C200 1x, https:\/\/i0.wp.com\/www.neurotablet.com\/wp-content\/uploads\/2021\/02\/fotoALz.png?fit=1072%2C627&ssl=1&resize=525%2C300 1.5x, https:\/\/i0.wp.com\/www.neurotablet.com\/wp-content\/uploads\/2021\/02\/fotoALz.png?fit=1072%2C627&ssl=1&resize=700%2C400 2x, https:\/\/i0.wp.com\/www.neurotablet.com\/wp-content\/uploads\/2021\/02\/fotoALz.png?fit=1072%2C627&ssl=1&resize=1050%2C600 3x"},"classes":[]},{"id":2584,"url":"https:\/\/www.neurotablet.com\/?p=2584","url_meta":{"origin":2652,"position":1},"title":"Lesioni cerebrali e deficit cognitivi acquisiti: cosa sono, come intervenire","author":"admin","date":"Novembre 24, 2017","format":false,"excerpt":"Cosa sono i deficit cognitivi acquisiti? Si tratta di disturbi che insorgono in seguito a\u00a0lesioni cerebrali di varia natura\u00a0e i sintomi variano molto in relazione al tipo di lesione. I deficit cognitivi che si incontrano possono riguardare\u00a0l\u2019attenzione, la\u00a0memoria, il\u00a0linguaggio, il\u00a0movimento, la\u00a0percezione\u00a0e le cosiddette\u00a0funzioni esecutive. Le lesioni cerebrali possono essere cos\u00ec\u2026","rel":"","context":"In &quot;News&quot;","block_context":{"text":"News","link":"https:\/\/www.neurotablet.com\/?cat=9"},"img":{"alt_text":"demenza alzheimer deficit cognitivi","src":"https:\/\/i0.wp.com\/www.neurotablet.com\/wp-content\/uploads\/2017\/11\/deficit-cognitivi.jpg?fit=1200%2C1159&ssl=1&resize=350%2C200","width":350,"height":200,"srcset":"https:\/\/i0.wp.com\/www.neurotablet.com\/wp-content\/uploads\/2017\/11\/deficit-cognitivi.jpg?fit=1200%2C1159&ssl=1&resize=350%2C200 1x, https:\/\/i0.wp.com\/www.neurotablet.com\/wp-content\/uploads\/2017\/11\/deficit-cognitivi.jpg?fit=1200%2C1159&ssl=1&resize=525%2C300 1.5x, https:\/\/i0.wp.com\/www.neurotablet.com\/wp-content\/uploads\/2017\/11\/deficit-cognitivi.jpg?fit=1200%2C1159&ssl=1&resize=700%2C400 2x, https:\/\/i0.wp.com\/www.neurotablet.com\/wp-content\/uploads\/2017\/11\/deficit-cognitivi.jpg?fit=1200%2C1159&ssl=1&resize=1050%2C600 3x"},"classes":[]},{"id":2714,"url":"https:\/\/www.neurotablet.com\/?p=2714","url_meta":{"origin":2652,"position":2},"title":"Investire nelle neurotecnologie: la campagna di equity crowdfunding di Neurab","author":"admin","date":"Aprile 12, 2019","format":false,"excerpt":"Neurab \u00e8 una\u00a0startup innovativa\u00a0(conforme al D.L. 179\/2012 e aggiornamenti successivi) nel settore delle neurotecnologie, costituitasi nel 2014 con l\u2019obiettivo di introdurre sul mercato uno\u00a0strumento flessibile e adattabile per la riabilitazione neurocognitiva e psicologica rivolto a pazienti a seguito di danni cerebrali. Per questo propone un sistema informatico multipiattaforma di riabilitazione\u2026","rel":"","context":"In &quot;Events&quot;","block_context":{"text":"Events","link":"https:\/\/www.neurotablet.com\/?cat=19"},"img":{"alt_text":"Neurab equity crowdfunding","src":"https:\/\/i0.wp.com\/www.neurotablet.com\/wp-content\/uploads\/2019\/04\/post_linkedin.jpg?fit=1200%2C627&ssl=1&resize=350%2C200","width":350,"height":200,"srcset":"https:\/\/i0.wp.com\/www.neurotablet.com\/wp-content\/uploads\/2019\/04\/post_linkedin.jpg?fit=1200%2C627&ssl=1&resize=350%2C200 1x, https:\/\/i0.wp.com\/www.neurotablet.com\/wp-content\/uploads\/2019\/04\/post_linkedin.jpg?fit=1200%2C627&ssl=1&resize=525%2C300 1.5x, https:\/\/i0.wp.com\/www.neurotablet.com\/wp-content\/uploads\/2019\/04\/post_linkedin.jpg?fit=1200%2C627&ssl=1&resize=700%2C400 2x, https:\/\/i0.wp.com\/www.neurotablet.com\/wp-content\/uploads\/2019\/04\/post_linkedin.jpg?fit=1200%2C627&ssl=1&resize=1050%2C600 3x"},"classes":[]},{"id":3088,"url":"https:\/\/www.neurotablet.com\/?p=3088","url_meta":{"origin":2652,"position":3},"title":"FAQ: DOMANDE FREQUENTI SUL PARKINSON","author":"admin","date":"Luglio 21, 2021","format":false,"excerpt":"La Malattia di Parkinson \u00e8 una malattia neurodegenerativa e progressiva causata dalla morte dei neuroni dopaminergici. La qualit\u00e0 di vita del paziente affetto da questa patologia \u00e8 fortemente compromessa:\u00a0i sintomi sono principalmente motori, come tremore a riposo, rigidit\u00e0, bradicinesia (lentezza nell\u2019esecuzione dei movimenti) e instabilit\u00e0 posturale. \u00c8 frequente che si\u2026","rel":"","context":"Articolo simile","block_context":{"text":"Articolo simile","link":""},"img":{"alt_text":"","src":"https:\/\/i0.wp.com\/www.neurotablet.com\/wp-content\/uploads\/2021\/07\/pexels-pixabay-221164.jpg?fit=1200%2C800&ssl=1&resize=350%2C200","width":350,"height":200,"srcset":"https:\/\/i0.wp.com\/www.neurotablet.com\/wp-content\/uploads\/2021\/07\/pexels-pixabay-221164.jpg?fit=1200%2C800&ssl=1&resize=350%2C200 1x, https:\/\/i0.wp.com\/www.neurotablet.com\/wp-content\/uploads\/2021\/07\/pexels-pixabay-221164.jpg?fit=1200%2C800&ssl=1&resize=525%2C300 1.5x, https:\/\/i0.wp.com\/www.neurotablet.com\/wp-content\/uploads\/2021\/07\/pexels-pixabay-221164.jpg?fit=1200%2C800&ssl=1&resize=700%2C400 2x, https:\/\/i0.wp.com\/www.neurotablet.com\/wp-content\/uploads\/2021\/07\/pexels-pixabay-221164.jpg?fit=1200%2C800&ssl=1&resize=1050%2C600 3x"},"classes":[]},{"id":2685,"url":"https:\/\/www.neurotablet.com\/?p=2685","url_meta":{"origin":2652,"position":4},"title":"La neuroriabilitazione con il software del Neurotablet","author":"admin","date":"Febbraio 19, 2019","format":false,"excerpt":"La riabilitazione neuropsicologica avviene spesso ancora con l'utilizzo di esercizi su carta e penna. Ecco perch\u00e9 il software del Neurotablet presenta numerosi vantaggi per il terapeuta e il paziente. I pazienti neurologici Ogni anno, in Italia, ci sono 900 mila nuovi casi di ictus, e quasi 1.200.000 traumi cranici. Contando\u2026","rel":"","context":"In &quot;News&quot;","block_context":{"text":"News","link":"https:\/\/www.neurotablet.com\/?cat=9"},"img":{"alt_text":"neurotablet software neuroriabilitazione","src":"https:\/\/i0.wp.com\/www.neurotablet.com\/wp-content\/uploads\/2017\/01\/Percorsi-terapeutici.jpg?fit=1200%2C750&ssl=1&resize=350%2C200","width":350,"height":200,"srcset":"https:\/\/i0.wp.com\/www.neurotablet.com\/wp-content\/uploads\/2017\/01\/Percorsi-terapeutici.jpg?fit=1200%2C750&ssl=1&resize=350%2C200 1x, https:\/\/i0.wp.com\/www.neurotablet.com\/wp-content\/uploads\/2017\/01\/Percorsi-terapeutici.jpg?fit=1200%2C750&ssl=1&resize=525%2C300 1.5x, https:\/\/i0.wp.com\/www.neurotablet.com\/wp-content\/uploads\/2017\/01\/Percorsi-terapeutici.jpg?fit=1200%2C750&ssl=1&resize=700%2C400 2x, https:\/\/i0.wp.com\/www.neurotablet.com\/wp-content\/uploads\/2017\/01\/Percorsi-terapeutici.jpg?fit=1200%2C750&ssl=1&resize=1050%2C600 3x"},"classes":[]},{"id":2861,"url":"https:\/\/www.neurotablet.com\/?p=2861","url_meta":{"origin":2652,"position":5},"title":"BRAINCARE: LA TECNOLOGIA PER LA VALUTAZIONE NEUROPSICOLOGICA","author":"admin","date":"Marzo 6, 2020","format":false,"excerpt":"Oggi la tecnologia fa parte della nostra vita quotidiana: usiamo il cellulare, il computer, i video games\u2026 Anche in ambito sanitario l\u2019uso di strumenti tecnologici \u00e8 ormai all\u2019ordine del giorno, praticamente in tutti i campi, compreso quello neuropsicologico. L\u2019utilizzo di questi strumenti sembra avere un\u2019efficacia significativa [1, 2], oltre a\u2026","rel":"","context":"In &quot;News&quot;","block_context":{"text":"News","link":"https:\/\/www.neurotablet.com\/?cat=9"},"img":{"alt_text":"","src":"https:\/\/i0.wp.com\/www.neurotablet.com\/wp-content\/uploads\/2020\/03\/Braincare-Report.png?fit=1200%2C611&ssl=1&resize=350%2C200","width":350,"height":200,"srcset":"https:\/\/i0.wp.com\/www.neurotablet.com\/wp-content\/uploads\/2020\/03\/Braincare-Report.png?fit=1200%2C611&ssl=1&resize=350%2C200 1x, https:\/\/i0.wp.com\/www.neurotablet.com\/wp-content\/uploads\/2020\/03\/Braincare-Report.png?fit=1200%2C611&ssl=1&resize=525%2C300 1.5x, https:\/\/i0.wp.com\/www.neurotablet.com\/wp-content\/uploads\/2020\/03\/Braincare-Report.png?fit=1200%2C611&ssl=1&resize=700%2C400 2x, https:\/\/i0.wp.com\/www.neurotablet.com\/wp-content\/uploads\/2020\/03\/Braincare-Report.png?fit=1200%2C611&ssl=1&resize=1050%2C600 3x"},"classes":[]}],"_links":{"self":[{"href":"https:\/\/www.neurotablet.com\/index.php?rest_route=\/wp\/v2\/posts\/2652","targetHints":{"allow":["GET"]}}],"collection":[{"href":"https:\/\/www.neurotablet.com\/index.php?rest_route=\/wp\/v2\/posts"}],"about":[{"href":"https:\/\/www.neurotablet.com\/index.php?rest_route=\/wp\/v2\/types\/post"}],"author":[{"embeddable":true,"href":"https:\/\/www.neurotablet.com\/index.php?rest_route=\/wp\/v2\/users\/1"}],"replies":[{"embeddable":true,"href":"https:\/\/www.neurotablet.com\/index.php?rest_route=%2Fwp%2Fv2%2Fcomments&post=2652"}],"version-history":[{"count":3,"href":"https:\/\/www.neurotablet.com\/index.php?rest_route=\/wp\/v2\/posts\/2652\/revisions"}],"predecessor-version":[{"id":2657,"href":"https:\/\/www.neurotablet.com\/index.php?rest_route=\/wp\/v2\/posts\/2652\/revisions\/2657"}],"wp:featuredmedia":[{"embeddable":true,"href":"https:\/\/www.neurotablet.com\/index.php?rest_route=\/wp\/v2\/media\/2587"}],"wp:attachment":[{"href":"https:\/\/www.neurotablet.com\/index.php?rest_route=%2Fwp%2Fv2%2Fmedia&parent=2652"}],"wp:term":[{"taxonomy":"category","embeddable":true,"href":"https:\/\/www.neurotablet.com\/index.php?rest_route=%2Fwp%2Fv2%2Fcategories&post=2652"},{"taxonomy":"post_tag","embeddable":true,"href":"https:\/\/www.neurotablet.com\/index.php?rest_route=%2Fwp%2Fv2%2Ftags&post=2652"}],"curies":[{"name":"wp","href":"https:\/\/api.w.org\/{rel}","templated":true}]}}