{"id":2921,"date":"2020-06-09T14:48:30","date_gmt":"2020-06-09T14:48:30","guid":{"rendered":"http:\/\/www.neurotablet.com\/?p=2921"},"modified":"2020-06-09T15:22:29","modified_gmt":"2020-06-09T15:22:29","slug":"neurocovid-aspetti-neurologici-e-neuropsicologici-dellinfezione-da-covid-19","status":"publish","type":"post","link":"https:\/\/www.neurotablet.com\/?p=2921","title":{"rendered":"Neurocovid: Aspetti neurologici e neuropsicologici dell&#8217;infezione da Covid-19"},"content":{"rendered":"\n<p>Non solo danni polmonari: si \u00e8 osservato che il nuovo Coronavirus ha un impatto anche sul cervello, sugli aspetti cognitivi, emotivi e comportamentali, tanto che si parla di &#8220;Neurocovid&#8221;.<\/p>\n\n\n\n<h4 class=\"wp-block-heading\"><strong>Una prima analisi per riflettere sulla situazione attuale e sul futuro&nbsp;<\/strong><\/h4>\n\n\n\n<p>Grazie alla fine, in questo periodo, della \u201cfase emergenziale Covid-19\u201d \u00e8 possibile osservare la situazione da una prospettiva differente.<br><strong>Abbiamo ora l\u2019occasione di analizzare ci\u00f2 che \u00e8 accaduto per essere pi\u00f9 preparati e pronti in futuro, ma anche per affrontare le conseguenze che questa pandemia ha lasciato.<br><\/strong>Pochi ancora ne parlano, ma i danni che il virus lascia in eredit\u00e0 a molti pazienti \u201cguariti\u201d sono assai rilevanti, causando in taluni casi disabilit\u00e0 permanente.<\/p>\n\n\n\n<p><br>Oltre ai danni polmonari e cardiologici, il Covid-19 pu\u00f2 produrre&nbsp;<strong>danni diretti e indiretti al cervello<\/strong>, tanto che si \u00e8 coniato il termine &#8220;neurocovid&#8221;.<br>L\u2019evidenza dal punto di vista clinico ormai \u00e8 forte e molti studi stanno confermando quello che neurologi e neuroradiologi osservano da mesi,&nbsp;<strong>cio\u00e8 che un numero significativo di pazienti dimessi dalla terapia intensiva presenta danni cerebrovascolari permanenti<\/strong>&nbsp;[1,2,3].<\/p>\n\n\n\n<h4 class=\"wp-block-heading\"><strong>Gli studi sul Neurocovid<\/strong><\/h4>\n\n\n\n<p>A tal proposito, ci sono evidenze di compromissioni cerebrali transitorie, come la perdita del gusto\/dell\u2019olfatto, ma sono state individuate anche altre&nbsp;<strong>condizioni neurologiche croniche<\/strong>&nbsp;concomitanti all&#8217;infezione da SARS-CoV-2, quali: ARDS, encefalopatia necrotizzante acuta, encefaliti, aumento vulnerabilit\u00e0 per ictus ischemici ed emorragici, sindrome di Guillain Barr\u00e8, nevralgia del trigemino ed encefalopatia emorragica necrotizzante [4].<br>Inoltre, molti pazienti sono esposti a lunghi periodi di ipossia in seguito ai quali, frequentemente, presentano alterazioni della memoria, dell\u2019attenzione e di altre funzioni cognitive.<\/p>\n\n\n\n<p><br><strong>Queste importanti conseguenze sul sistema nervoso centrale hanno una ricaduta diretta sugli aspetti cognitivi, emotivi e comportamentali che possono apparire gravemente compromessi.<br>Ci\u00f2 comporta un forte impatto sulle autonomie delle persone e un conseguente drammatico carico sulle famiglie e sul sistema sanitario nazionale.<br><\/strong>Quanto affermato finora appare sufficiente per portarci a effettuare un\u2019importante riflessione sulle misure, in ambito&nbsp;<strong>preventivo e riabilitativo<\/strong>, da adottare in futuro per far fronte a questa \u201cemergenza nell\u2019emergenza\u201d e per ridurre l\u2019impatto, a lungo termine, sull&#8217;intera societ\u00e0.<\/p>\n\n\n\n<p><br>Dott. Simone Turati, Psicologo e Neuropsicologo<\/p>\n\n\n\n<h4 class=\"wp-block-heading\">Bibliografia:<\/h4>\n\n\n\n<ol class=\"wp-block-list\" type=\"1\"><li>Y. Li et al, \u201cAcute Cerebrovascular Disease following COVID-19: a single center, retrospective, observational study\u201d, in \u201cLancet Neurology\u201d.<\/li><li>Special report COVID-19: Neurologists adapt in Northern Italy, European Academy of Neurology<\/li><li>COVID-19\u2013associated Acute Hemorrhagic Necrotizing Encephalopathy: CT and MRI Features, Radiology<\/li><li>F. Di Todaro, \u201cCovid-19 lascia il segno anche su cuore, reni, fegato e cervello\u201d, in \u201cMagazie Fondazione Veroneisi\u201d<\/li><\/ol>\n\n\n\n<p><\/p>\n\n\n\n<p>Articolo tratto da:&nbsp;<a href=\"https:\/\/www.simoneturati.it\/aspetti-neurologici-e-neuropsicologici-dellinfezione-da-covid-19\/\">https:\/\/www.simoneturati.it\/aspetti-neurologici-e-neuropsicologici-dellinfezione-da-covid-19\/<\/a><\/p>\n","protected":false},"excerpt":{"rendered":"<p>Non solo danni polmonari: si \u00e8 osservato che il nuovo Coronavirus ha un impatto anche sul cervello, sugli aspetti cognitivi, emotivi e comportamentali, tanto che si<span class=\"excerpt-hellip\"> [\u2026]<\/span><\/p>\n","protected":false},"author":1,"featured_media":2922,"comment_status":"closed","ping_status":"closed","sticky":false,"template":"","format":"standard","meta":{"jetpack_post_was_ever_published":false,"_jetpack_newsletter_access":"","_jetpack_dont_email_post_to_subs":false,"_jetpack_newsletter_tier_id":0,"_jetpack_memberships_contains_paywalled_content":false,"_jetpack_memberships_contains_paid_content":false,"footnotes":"","jetpack_publicize_message":"","jetpack_publicize_feature_enabled":true,"jetpack_social_post_already_shared":true,"jetpack_social_options":{"image_generator_settings":{"template":"highway","default_image_id":0,"font":"","enabled":false},"version":2}},"categories":[9],"tags":[],"class_list":["post-2921","post","type-post","status-publish","format-standard","has-post-thumbnail","hentry","category-news"],"yoast_head":"<!-- This site is optimized with the Yoast SEO plugin v26.2 - https:\/\/yoast.com\/wordpress\/plugins\/seo\/ -->\n<title>Neurocovid: Aspetti neurologici e neuropsicologici dell&#039;infezione da Covid-19<\/title>\n<meta name=\"description\" content=\"Si \u00e8 osservato che il nuovo Coronavirus ha un impatto anche sul cervello, tanto che si \u00e8 cominciato a parlare di &quot;Neurocovid&quot;.\" \/>\n<meta name=\"robots\" content=\"index, follow, max-snippet:-1, max-image-preview:large, max-video-preview:-1\" \/>\n<link rel=\"canonical\" href=\"https:\/\/www.neurotablet.com\/?p=2921\" \/>\n<meta property=\"og:locale\" content=\"it_IT\" \/>\n<meta property=\"og:type\" content=\"article\" \/>\n<meta property=\"og:title\" content=\"Neurocovid: Aspetti neurologici e neuropsicologici dell&#039;infezione da Covid-19\" \/>\n<meta property=\"og:description\" content=\"Si \u00e8 osservato che il nuovo Coronavirus ha un impatto anche sul cervello, tanto che si \u00e8 cominciato a parlare di &quot;Neurocovid&quot;.\" \/>\n<meta property=\"og:url\" content=\"https:\/\/www.neurotablet.com\/?p=2921\" \/>\n<meta property=\"og:site_name\" content=\"Neurotablet by Neurab\" \/>\n<meta property=\"article:published_time\" content=\"2020-06-09T14:48:30+00:00\" \/>\n<meta property=\"article:modified_time\" content=\"2020-06-09T15:22:29+00:00\" \/>\n<meta property=\"og:image\" content=\"https:\/\/i0.wp.com\/www.neurotablet.com\/wp-content\/uploads\/2020\/06\/neurocovid.jpg?fit=800%2C450&ssl=1\" \/>\n\t<meta property=\"og:image:width\" content=\"800\" \/>\n\t<meta property=\"og:image:height\" content=\"450\" \/>\n\t<meta property=\"og:image:type\" content=\"image\/jpeg\" \/>\n<meta name=\"author\" content=\"admin\" \/>\n<meta name=\"twitter:card\" content=\"summary_large_image\" \/>\n<meta name=\"twitter:label1\" content=\"Scritto da\" \/>\n\t<meta name=\"twitter:data1\" content=\"admin\" \/>\n\t<meta name=\"twitter:label2\" content=\"Tempo di lettura stimato\" \/>\n\t<meta name=\"twitter:data2\" content=\"2 minuti\" \/>\n<script type=\"application\/ld+json\" class=\"yoast-schema-graph\">{\"@context\":\"https:\/\/schema.org\",\"@graph\":[{\"@type\":\"WebPage\",\"@id\":\"https:\/\/www.neurotablet.com\/?p=2921\",\"url\":\"https:\/\/www.neurotablet.com\/?p=2921\",\"name\":\"Neurocovid: Aspetti neurologici e neuropsicologici dell'infezione da Covid-19\",\"isPartOf\":{\"@id\":\"https:\/\/www.neurotablet.com\/#website\"},\"primaryImageOfPage\":{\"@id\":\"https:\/\/www.neurotablet.com\/?p=2921#primaryimage\"},\"image\":{\"@id\":\"https:\/\/www.neurotablet.com\/?p=2921#primaryimage\"},\"thumbnailUrl\":\"https:\/\/i0.wp.com\/www.neurotablet.com\/wp-content\/uploads\/2020\/06\/neurocovid.jpg?fit=800%2C450&ssl=1\",\"datePublished\":\"2020-06-09T14:48:30+00:00\",\"dateModified\":\"2020-06-09T15:22:29+00:00\",\"author\":{\"@id\":\"https:\/\/www.neurotablet.com\/#\/schema\/person\/37588eea76483a80ad799bb6abd2b5e7\"},\"description\":\"Si \u00e8 osservato che il nuovo Coronavirus ha un impatto anche sul cervello, tanto che si \u00e8 cominciato a parlare di \\\"Neurocovid\\\".\",\"breadcrumb\":{\"@id\":\"https:\/\/www.neurotablet.com\/?p=2921#breadcrumb\"},\"inLanguage\":\"it-IT\",\"potentialAction\":[{\"@type\":\"ReadAction\",\"target\":[\"https:\/\/www.neurotablet.com\/?p=2921\"]}]},{\"@type\":\"ImageObject\",\"inLanguage\":\"it-IT\",\"@id\":\"https:\/\/www.neurotablet.com\/?p=2921#primaryimage\",\"url\":\"https:\/\/i0.wp.com\/www.neurotablet.com\/wp-content\/uploads\/2020\/06\/neurocovid.jpg?fit=800%2C450&ssl=1\",\"contentUrl\":\"https:\/\/i0.wp.com\/www.neurotablet.com\/wp-content\/uploads\/2020\/06\/neurocovid.jpg?fit=800%2C450&ssl=1\",\"width\":800,\"height\":450},{\"@type\":\"BreadcrumbList\",\"@id\":\"https:\/\/www.neurotablet.com\/?p=2921#breadcrumb\",\"itemListElement\":[{\"@type\":\"ListItem\",\"position\":1,\"name\":\"Home\",\"item\":\"https:\/\/www.neurotablet.com\/\"},{\"@type\":\"ListItem\",\"position\":2,\"name\":\"Neurocovid: Aspetti neurologici e neuropsicologici dell&#8217;infezione da Covid-19\"}]},{\"@type\":\"WebSite\",\"@id\":\"https:\/\/www.neurotablet.com\/#website\",\"url\":\"https:\/\/www.neurotablet.com\/\",\"name\":\"Neurotablet by Neurab\",\"description\":\"Il tablet per la riabilitazione a distanza\",\"potentialAction\":[{\"@type\":\"SearchAction\",\"target\":{\"@type\":\"EntryPoint\",\"urlTemplate\":\"https:\/\/www.neurotablet.com\/?s={search_term_string}\"},\"query-input\":{\"@type\":\"PropertyValueSpecification\",\"valueRequired\":true,\"valueName\":\"search_term_string\"}}],\"inLanguage\":\"it-IT\"},{\"@type\":\"Person\",\"@id\":\"https:\/\/www.neurotablet.com\/#\/schema\/person\/37588eea76483a80ad799bb6abd2b5e7\",\"name\":\"admin\",\"image\":{\"@type\":\"ImageObject\",\"inLanguage\":\"it-IT\",\"@id\":\"https:\/\/www.neurotablet.com\/#\/schema\/person\/image\/\",\"url\":\"https:\/\/secure.gravatar.com\/avatar\/e702a12059779f0e379a0bbd5debb2e661e4cfa6212fd05ac05e59e8852de9b9?s=96&d=mm&r=g\",\"contentUrl\":\"https:\/\/secure.gravatar.com\/avatar\/e702a12059779f0e379a0bbd5debb2e661e4cfa6212fd05ac05e59e8852de9b9?s=96&d=mm&r=g\",\"caption\":\"admin\"},\"url\":\"https:\/\/www.neurotablet.com\/?author=1\"}]}<\/script>\n<!-- \/ Yoast SEO plugin. -->","yoast_head_json":{"title":"Neurocovid: Aspetti neurologici e neuropsicologici dell'infezione da Covid-19","description":"Si \u00e8 osservato che il nuovo Coronavirus ha un impatto anche sul cervello, tanto che si \u00e8 cominciato a parlare di \"Neurocovid\".","robots":{"index":"index","follow":"follow","max-snippet":"max-snippet:-1","max-image-preview":"max-image-preview:large","max-video-preview":"max-video-preview:-1"},"canonical":"https:\/\/www.neurotablet.com\/?p=2921","og_locale":"it_IT","og_type":"article","og_title":"Neurocovid: Aspetti neurologici e neuropsicologici dell'infezione da Covid-19","og_description":"Si \u00e8 osservato che il nuovo Coronavirus ha un impatto anche sul cervello, tanto che si \u00e8 cominciato a parlare di \"Neurocovid\".","og_url":"https:\/\/www.neurotablet.com\/?p=2921","og_site_name":"Neurotablet by Neurab","article_published_time":"2020-06-09T14:48:30+00:00","article_modified_time":"2020-06-09T15:22:29+00:00","og_image":[{"width":800,"height":450,"url":"https:\/\/i0.wp.com\/www.neurotablet.com\/wp-content\/uploads\/2020\/06\/neurocovid.jpg?fit=800%2C450&ssl=1","type":"image\/jpeg"}],"author":"admin","twitter_card":"summary_large_image","twitter_misc":{"Scritto da":"admin","Tempo di lettura stimato":"2 minuti"},"schema":{"@context":"https:\/\/schema.org","@graph":[{"@type":"WebPage","@id":"https:\/\/www.neurotablet.com\/?p=2921","url":"https:\/\/www.neurotablet.com\/?p=2921","name":"Neurocovid: Aspetti neurologici e neuropsicologici dell'infezione da Covid-19","isPartOf":{"@id":"https:\/\/www.neurotablet.com\/#website"},"primaryImageOfPage":{"@id":"https:\/\/www.neurotablet.com\/?p=2921#primaryimage"},"image":{"@id":"https:\/\/www.neurotablet.com\/?p=2921#primaryimage"},"thumbnailUrl":"https:\/\/i0.wp.com\/www.neurotablet.com\/wp-content\/uploads\/2020\/06\/neurocovid.jpg?fit=800%2C450&ssl=1","datePublished":"2020-06-09T14:48:30+00:00","dateModified":"2020-06-09T15:22:29+00:00","author":{"@id":"https:\/\/www.neurotablet.com\/#\/schema\/person\/37588eea76483a80ad799bb6abd2b5e7"},"description":"Si \u00e8 osservato che il nuovo Coronavirus ha un impatto anche sul cervello, tanto che si \u00e8 cominciato a parlare di \"Neurocovid\".","breadcrumb":{"@id":"https:\/\/www.neurotablet.com\/?p=2921#breadcrumb"},"inLanguage":"it-IT","potentialAction":[{"@type":"ReadAction","target":["https:\/\/www.neurotablet.com\/?p=2921"]}]},{"@type":"ImageObject","inLanguage":"it-IT","@id":"https:\/\/www.neurotablet.com\/?p=2921#primaryimage","url":"https:\/\/i0.wp.com\/www.neurotablet.com\/wp-content\/uploads\/2020\/06\/neurocovid.jpg?fit=800%2C450&ssl=1","contentUrl":"https:\/\/i0.wp.com\/www.neurotablet.com\/wp-content\/uploads\/2020\/06\/neurocovid.jpg?fit=800%2C450&ssl=1","width":800,"height":450},{"@type":"BreadcrumbList","@id":"https:\/\/www.neurotablet.com\/?p=2921#breadcrumb","itemListElement":[{"@type":"ListItem","position":1,"name":"Home","item":"https:\/\/www.neurotablet.com\/"},{"@type":"ListItem","position":2,"name":"Neurocovid: Aspetti neurologici e neuropsicologici dell&#8217;infezione da Covid-19"}]},{"@type":"WebSite","@id":"https:\/\/www.neurotablet.com\/#website","url":"https:\/\/www.neurotablet.com\/","name":"Neurotablet by Neurab","description":"Il tablet per la riabilitazione a distanza","potentialAction":[{"@type":"SearchAction","target":{"@type":"EntryPoint","urlTemplate":"https:\/\/www.neurotablet.com\/?s={search_term_string}"},"query-input":{"@type":"PropertyValueSpecification","valueRequired":true,"valueName":"search_term_string"}}],"inLanguage":"it-IT"},{"@type":"Person","@id":"https:\/\/www.neurotablet.com\/#\/schema\/person\/37588eea76483a80ad799bb6abd2b5e7","name":"admin","image":{"@type":"ImageObject","inLanguage":"it-IT","@id":"https:\/\/www.neurotablet.com\/#\/schema\/person\/image\/","url":"https:\/\/secure.gravatar.com\/avatar\/e702a12059779f0e379a0bbd5debb2e661e4cfa6212fd05ac05e59e8852de9b9?s=96&d=mm&r=g","contentUrl":"https:\/\/secure.gravatar.com\/avatar\/e702a12059779f0e379a0bbd5debb2e661e4cfa6212fd05ac05e59e8852de9b9?s=96&d=mm&r=g","caption":"admin"},"url":"https:\/\/www.neurotablet.com\/?author=1"}]}},"jetpack_publicize_connections":[],"jetpack_featured_media_url":"https:\/\/i0.wp.com\/www.neurotablet.com\/wp-content\/uploads\/2020\/06\/neurocovid.jpg?fit=800%2C450&ssl=1","jetpack_sharing_enabled":true,"jetpack_shortlink":"https:\/\/wp.me\/p7vm2r-L7","jetpack-related-posts":[{"id":2979,"url":"https:\/\/www.neurotablet.com\/?p=2979","url_meta":{"origin":2921,"position":0},"title":"DANNI NEUROLOGICI DA COVID 19: IL CASO DI L.A.","author":"admin","date":"Ottobre 21, 2020","format":false,"excerpt":"In letteratura stanno incrementando sempre pi\u00f9 gli studi che sottolineano il ruolo del nuovo Coronavirus nell\u2019insorgenza di danni cerebrali. Ne abbiamo parlato anche in un precedente articolo\u00a0 dove avevamo messo in evidenza quanto il Coronavirus abbia delle conseguenze non solo polmonari e cardiologiche, ma anche sul cervello, sugli aspetti cognitivi,\u2026","rel":"","context":"Articolo simile","block_context":{"text":"Articolo simile","link":""},"img":{"alt_text":"","src":"https:\/\/i0.wp.com\/www.neurotablet.com\/wp-content\/uploads\/2020\/10\/covid.jpg?resize=350%2C200&ssl=1","width":350,"height":200,"srcset":"https:\/\/i0.wp.com\/www.neurotablet.com\/wp-content\/uploads\/2020\/10\/covid.jpg?resize=350%2C200&ssl=1 1x, https:\/\/i0.wp.com\/www.neurotablet.com\/wp-content\/uploads\/2020\/10\/covid.jpg?resize=525%2C300&ssl=1 1.5x, https:\/\/i0.wp.com\/www.neurotablet.com\/wp-content\/uploads\/2020\/10\/covid.jpg?resize=700%2C400&ssl=1 2x, https:\/\/i0.wp.com\/www.neurotablet.com\/wp-content\/uploads\/2020\/10\/covid.jpg?resize=1050%2C600&ssl=1 3x"},"classes":[]},{"id":3091,"url":"https:\/\/www.neurotablet.com\/?p=3091","url_meta":{"origin":2921,"position":1},"title":"CORONAVIRUS: COME ARRIVA NEL CERVELLO?","author":"admin","date":"Agosto 11, 2021","format":false,"excerpt":"Sappiamo ormai che il Coronavirus ha\u00a0conseguenze\u00a0non solo polmonari e cardiologiche, ma anche\u00a0cerebrali (ne abbiamo parlato qui), cognitive, emotive e comportamentali. Anche dopo la guarigione un certo numero di pazienti manifesta reazioni neurologiche come stato confusionale, vertigini, mal di testa, perdita dell\u2019olfatto e del gusto, fino addirittura a conseguenze pi\u00f9 complesse\u2026","rel":"","context":"In &quot;News&quot;","block_context":{"text":"News","link":"https:\/\/www.neurotablet.com\/?cat=9"},"img":{"alt_text":"","src":"https:\/\/i0.wp.com\/www.neurotablet.com\/wp-content\/uploads\/2021\/08\/coronavirus-scaled.jpg?fit=1200%2C675&ssl=1&resize=350%2C200","width":350,"height":200,"srcset":"https:\/\/i0.wp.com\/www.neurotablet.com\/wp-content\/uploads\/2021\/08\/coronavirus-scaled.jpg?fit=1200%2C675&ssl=1&resize=350%2C200 1x, https:\/\/i0.wp.com\/www.neurotablet.com\/wp-content\/uploads\/2021\/08\/coronavirus-scaled.jpg?fit=1200%2C675&ssl=1&resize=525%2C300 1.5x, https:\/\/i0.wp.com\/www.neurotablet.com\/wp-content\/uploads\/2021\/08\/coronavirus-scaled.jpg?fit=1200%2C675&ssl=1&resize=700%2C400 2x, https:\/\/i0.wp.com\/www.neurotablet.com\/wp-content\/uploads\/2021\/08\/coronavirus-scaled.jpg?fit=1200%2C675&ssl=1&resize=1050%2C600 3x"},"classes":[]},{"id":3028,"url":"https:\/\/www.neurotablet.com\/?p=3028","url_meta":{"origin":2921,"position":2},"title":"PERCH\u00c8 IL COVID AUMENTA IL RISCHIO DI ICTUS: I PRIMI RISULTATI","author":"admin","date":"Gennaio 14, 2021","format":false,"excerpt":"Che il Coronavirus abbia delle conseguenze non solo polmonari e cardiologiche, ma anche cerebrali, cognitive, emotive e comportamentali, \u00e8 storia ormai nota, tanto che parliamo di \u201cNeurocovid\u201d: infatti un numero significativo di pazienti dimessi dalla terapia intensiva presenta danni cerebrovascolari permanenti [1,2]. Sappiamo anche che i disturbi che questi pazienti\u2026","rel":"","context":"Articolo simile","block_context":{"text":"Articolo simile","link":""},"img":{"alt_text":"","src":"https:\/\/i0.wp.com\/www.neurotablet.com\/wp-content\/uploads\/2020\/10\/covid.jpg?resize=350%2C200&ssl=1","width":350,"height":200,"srcset":"https:\/\/i0.wp.com\/www.neurotablet.com\/wp-content\/uploads\/2020\/10\/covid.jpg?resize=350%2C200&ssl=1 1x, https:\/\/i0.wp.com\/www.neurotablet.com\/wp-content\/uploads\/2020\/10\/covid.jpg?resize=525%2C300&ssl=1 1.5x, https:\/\/i0.wp.com\/www.neurotablet.com\/wp-content\/uploads\/2020\/10\/covid.jpg?resize=700%2C400&ssl=1 2x, https:\/\/i0.wp.com\/www.neurotablet.com\/wp-content\/uploads\/2020\/10\/covid.jpg?resize=1050%2C600&ssl=1 3x"},"classes":[]},{"id":2916,"url":"https:\/\/www.neurotablet.com\/?p=2916","url_meta":{"origin":2921,"position":3},"title":"PAZIENTI NEUROLOGICI SENZA CURE ADEGUATE A CAUSA DEL CORONAVIRUS","author":"admin","date":"Giugno 1, 2020","format":false,"excerpt":"Se non si accede tempestivamente alle cure e senza un opportuno percorso di riabilitazione le conseguenze neurologiche potrebbero essere gravissime, come disabilit\u00e0 severa o addirittura morte: ecco perch\u00e8 ora pi\u00f9 che mai \u00e8 necessario sfruttare la tecnologia che permette di svolgere la riabilitazione direttamente da casa. Durante il lockdown Neurab\u2026","rel":"","context":"In &quot;News&quot;","block_context":{"text":"News","link":"https:\/\/www.neurotablet.com\/?cat=9"},"img":{"alt_text":"","src":"https:\/\/i0.wp.com\/www.neurotablet.com\/wp-content\/uploads\/2020\/06\/paziente-ictus.jpg?fit=1020%2C533&ssl=1&resize=350%2C200","width":350,"height":200,"srcset":"https:\/\/i0.wp.com\/www.neurotablet.com\/wp-content\/uploads\/2020\/06\/paziente-ictus.jpg?fit=1020%2C533&ssl=1&resize=350%2C200 1x, https:\/\/i0.wp.com\/www.neurotablet.com\/wp-content\/uploads\/2020\/06\/paziente-ictus.jpg?fit=1020%2C533&ssl=1&resize=525%2C300 1.5x, https:\/\/i0.wp.com\/www.neurotablet.com\/wp-content\/uploads\/2020\/06\/paziente-ictus.jpg?fit=1020%2C533&ssl=1&resize=700%2C400 2x"},"classes":[]},{"id":2908,"url":"https:\/\/www.neurotablet.com\/?p=2908","url_meta":{"origin":2921,"position":4},"title":"Coronavirus: gli impatti sui pazienti neurologici","author":"admin","date":"Maggio 6, 2020","format":false,"excerpt":"Nonostante il periodo di \"lockdown\" vero e proprio sia terminato, questo periodo di emergenza sta ancora mettendo a dura prova il nostro intero mondo: sociale, sanitario, economico, psicologico. Questa situazione ha messo in seria difficolt\u00e0 tutto il settore sanitario, non solo in termini di assistenza delle persone ammalate di Coronavirus\u2026","rel":"","context":"In &quot;News&quot;","block_context":{"text":"News","link":"https:\/\/www.neurotablet.com\/?cat=9"},"img":{"alt_text":"","src":"https:\/\/i0.wp.com\/www.neurotablet.com\/wp-content\/uploads\/2018\/07\/Alzheimer.jpg?fit=1200%2C790&ssl=1&resize=350%2C200","width":350,"height":200,"srcset":"https:\/\/i0.wp.com\/www.neurotablet.com\/wp-content\/uploads\/2018\/07\/Alzheimer.jpg?fit=1200%2C790&ssl=1&resize=350%2C200 1x, https:\/\/i0.wp.com\/www.neurotablet.com\/wp-content\/uploads\/2018\/07\/Alzheimer.jpg?fit=1200%2C790&ssl=1&resize=525%2C300 1.5x, https:\/\/i0.wp.com\/www.neurotablet.com\/wp-content\/uploads\/2018\/07\/Alzheimer.jpg?fit=1200%2C790&ssl=1&resize=700%2C400 2x, https:\/\/i0.wp.com\/www.neurotablet.com\/wp-content\/uploads\/2018\/07\/Alzheimer.jpg?fit=1200%2C790&ssl=1&resize=1050%2C600 3x"},"classes":[]},{"id":3016,"url":"https:\/\/www.neurotablet.com\/?p=3016","url_meta":{"origin":2921,"position":5},"title":"5 IDEE SBAGLIATE CHE ABBIAMO SULL\u2019ICTUS","author":"admin","date":"Dicembre 9, 2020","format":false,"excerpt":"Per promuovere una corretta informazione nell'ambito della salute abbiamo discusso cinque idee sbagliate o luoghi comuni riguardo ad un grave evento neurologico: l'ictus. L\u2019ictus \u00e8 un colpo al cervello. Il nome ictus, chiamato anche stroke o attacco cerebrale, in effetti deriva dal latino \u201ccolpo\u201d. Ma capiamo meglio che cosa accade\u2026","rel":"","context":"Articolo simile","block_context":{"text":"Articolo simile","link":""},"img":{"alt_text":"","src":"https:\/\/i0.wp.com\/www.neurotablet.com\/wp-content\/uploads\/2020\/12\/cose-lictus.png?resize=350%2C200&ssl=1","width":350,"height":200},"classes":[]}],"_links":{"self":[{"href":"https:\/\/www.neurotablet.com\/index.php?rest_route=\/wp\/v2\/posts\/2921","targetHints":{"allow":["GET"]}}],"collection":[{"href":"https:\/\/www.neurotablet.com\/index.php?rest_route=\/wp\/v2\/posts"}],"about":[{"href":"https:\/\/www.neurotablet.com\/index.php?rest_route=\/wp\/v2\/types\/post"}],"author":[{"embeddable":true,"href":"https:\/\/www.neurotablet.com\/index.php?rest_route=\/wp\/v2\/users\/1"}],"replies":[{"embeddable":true,"href":"https:\/\/www.neurotablet.com\/index.php?rest_route=%2Fwp%2Fv2%2Fcomments&post=2921"}],"version-history":[{"count":3,"href":"https:\/\/www.neurotablet.com\/index.php?rest_route=\/wp\/v2\/posts\/2921\/revisions"}],"predecessor-version":[{"id":2926,"href":"https:\/\/www.neurotablet.com\/index.php?rest_route=\/wp\/v2\/posts\/2921\/revisions\/2926"}],"wp:featuredmedia":[{"embeddable":true,"href":"https:\/\/www.neurotablet.com\/index.php?rest_route=\/wp\/v2\/media\/2922"}],"wp:attachment":[{"href":"https:\/\/www.neurotablet.com\/index.php?rest_route=%2Fwp%2Fv2%2Fmedia&parent=2921"}],"wp:term":[{"taxonomy":"category","embeddable":true,"href":"https:\/\/www.neurotablet.com\/index.php?rest_route=%2Fwp%2Fv2%2Fcategories&post=2921"},{"taxonomy":"post_tag","embeddable":true,"href":"https:\/\/www.neurotablet.com\/index.php?rest_route=%2Fwp%2Fv2%2Ftags&post=2921"}],"curies":[{"name":"wp","href":"https:\/\/api.w.org\/{rel}","templated":true}]}}