{"id":2927,"date":"2020-06-23T16:26:58","date_gmt":"2020-06-23T16:26:58","guid":{"rendered":"http:\/\/www.neurotablet.com\/?p=2927"},"modified":"2020-06-23T16:27:00","modified_gmt":"2020-06-23T16:27:00","slug":"deficit-e-riabilitazione-del-linguaggio","status":"publish","type":"post","link":"https:\/\/www.neurotablet.com\/?p=2927","title":{"rendered":"DEFICIT E RIABILITAZIONE DEL LINGUAGGIO"},"content":{"rendered":"\n<p><\/p>\n\n\n\n<h4 class=\"wp-block-heading\"><strong>Cosa sono le funzioni linguistiche?<\/strong><\/h4>\n\n\n\n<p>Il linguaggio \u00e8 la capacit\u00e0 cognitiva che pi\u00f9 caratterizza la specie umana. Esso permette sia la <strong>funzione comunicativa<\/strong>, con la quale l\u2019individuo ha la possibilit\u00e0 di favorire la trasmissione di informazioni e l\u2019interazione sociale, sia quella <strong>conoscitiva<\/strong>, poich\u00e9 il linguaggio permette di descrivere gli eventi attraverso i concetti [1].<\/p>\n\n\n\n<p>Il linguaggio \u00e8 quindi il mezzo principale di comunicazione del pensiero ed \u00e8 universale: ogni societ\u00e0 umana ne possiede uno e ciascun essere umano acquisisce la sua lingua nativa e la utilizza senza alcuno sforzo.<\/p>\n\n\n\n<p>Il linguaggio \u00e8 strutturato in pi\u00f9 livelli: sopra tutti vi \u00e8 la <strong>frase<\/strong>, quindi vi sono le <strong>parole<\/strong>, a loro volta composte di <strong>morfemi<\/strong>, le pi\u00f9 piccole unit\u00e0 linguistiche portatrici di significato. Le parole sono a loro volta composte da un set di unit\u00e0 elementari, dette <strong>fonemi<\/strong>, che costituiscono gli elementi distintivi tra parole [2].<\/p>\n\n\n\n<p><strong>Per capire un discorso procediamo dal basso verso l\u2019alto<\/strong>: ascoltiamo i fonemi, li usiamo per costruire morfemi e sintagmi di una frase e infine ricaviamo il pensiero della frase. Spesso il <strong>contesto <\/strong>rende prevedibile ci\u00f2 che viene detto, dopo aver udito alcune parole saltiamo alle conclusioni su ci\u00f2 che pensiamo significhi l\u2019intero discorso e le utilizziamo per capire il resto della frase [1].<\/p>\n\n\n\n<p><strong>Per produrre una frase<\/strong>, invece,<strong> procediamo dall\u2019alto verso il basso<\/strong>: partiamo da un pensiero proposizionale, lo trasformiamo nei sintagmi e nei morfemi della frase e infine trasformiamo i morfemi in fonemi.<\/p>\n\n\n\n<h4 class=\"wp-block-heading\"><strong>I deficit del linguaggio<\/strong><\/h4>\n\n\n\n<p>L\u2019afasia viene definita come un disturbo del linguaggio che consegue a lesioni acquisite del sistema nervoso centrale. Le aree cerebrali responsabili delle funzioni linguistiche si trovano nell\u2019<strong>emisfero sinistro<\/strong> e comprendono l\u2019<strong>area di Broca<\/strong> (corteccia frontale), storicamente attribuita alla capacit\u00e0 di produzione del linguaggio, e l\u2019<strong>area di Wernicke<\/strong> (corteccia temporale), deputata alla comprensione.<\/p>\n\n\n\n<p>Tuttavia, studi successivi hanno evidenziato che la maggior parte dei pazienti afasici mostrano deficit di linguaggio sia in produzione che comprensione, sia orale che scritto, contraddicendo cos\u00ec la dicotomia comprensione\/produzione [2].<\/p>\n\n\n\n<p>I pi\u00f9 recenti modelli nella <strong>neurolinguistica cognitiva<\/strong> hanno sostenuto che le capacit\u00e0 linguistiche sarebbero il risultato del funzionamento congiunto di diverse aree corticali e sottocorticali. Hanno studiato le capacit\u00e0 linguistiche residue dei pazienti in modo dettagliato e hanno prodotto modelli che descrivono procedure separate per l\u2019elaborazione di materiale lessicale e sublessicale e singole sottocomponenti per ciascuna di esse. Tali modelli permettono di descrivere i disturbi afasici di singoli pazienti in modo pi\u00f9 accurato [2].<\/p>\n\n\n\n<h4 class=\"wp-block-heading\"><strong>La riabilitazione del linguaggio<\/strong><\/h4>\n\n\n\n<p>Una persona che presenta un\u2019afasia si trover\u00e0 in una situazione di <strong>grande disagio<\/strong>: pensiamo a quanto importante sia il linguaggio nella nostra vita quotidiana e a quanto ci potremmo trovare in difficolt\u00e0 se non avessimo pi\u00f9 la capacit\u00e0 di comunicare. Pertanto la riabilitazione delle funzioni linguistiche deve essere una <strong>priorit\u00e0 nel trattamento riabilitativo<\/strong>.&nbsp;<\/p>\n\n\n\n<div class=\"wp-block-image\"><figure class=\"alignright size-large is-resized\"><img data-recalc-dims=\"1\" fetchpriority=\"high\" decoding=\"async\" data-attachment-id=\"2929\" data-permalink=\"https:\/\/www.neurotablet.com\/?attachment_id=2929\" data-orig-file=\"https:\/\/i0.wp.com\/www.neurotablet.com\/wp-content\/uploads\/2020\/06\/Giudizi-ortografici-per-riabilitare-deficit-linguaggio.png?fit=1444%2C1058&amp;ssl=1\" data-orig-size=\"1444,1058\" data-comments-opened=\"0\" data-image-meta=\"{&quot;aperture&quot;:&quot;0&quot;,&quot;credit&quot;:&quot;&quot;,&quot;camera&quot;:&quot;&quot;,&quot;caption&quot;:&quot;&quot;,&quot;created_timestamp&quot;:&quot;0&quot;,&quot;copyright&quot;:&quot;&quot;,&quot;focal_length&quot;:&quot;0&quot;,&quot;iso&quot;:&quot;0&quot;,&quot;shutter_speed&quot;:&quot;0&quot;,&quot;title&quot;:&quot;&quot;,&quot;orientation&quot;:&quot;0&quot;}\" data-image-title=\"Giudizi ortografici per riabilitare deficit linguaggio\" data-image-description=\"\" data-image-caption=\"&lt;p&gt;Giudizi ortografici: uno degli esercizi per riabilitare i deficit di linguaggio nel Neurotablet&lt;\/p&gt;\n\" data-medium-file=\"https:\/\/i0.wp.com\/www.neurotablet.com\/wp-content\/uploads\/2020\/06\/Giudizi-ortografici-per-riabilitare-deficit-linguaggio.png?fit=300%2C220&amp;ssl=1\" data-large-file=\"https:\/\/i0.wp.com\/www.neurotablet.com\/wp-content\/uploads\/2020\/06\/Giudizi-ortografici-per-riabilitare-deficit-linguaggio.png?fit=1024%2C750&amp;ssl=1\" src=\"https:\/\/i0.wp.com\/www.neurotablet.com\/wp-content\/uploads\/2020\/06\/Giudizi-ortografici-per-riabilitare-deficit-linguaggio.png?resize=466%2C341\" alt=\"Giudizi ortografici per riabilitare deficit linguaggio\" class=\"wp-image-2929\" width=\"466\" height=\"341\" srcset=\"https:\/\/i0.wp.com\/www.neurotablet.com\/wp-content\/uploads\/2020\/06\/Giudizi-ortografici-per-riabilitare-deficit-linguaggio.png?resize=1024%2C750&amp;ssl=1 1024w, https:\/\/i0.wp.com\/www.neurotablet.com\/wp-content\/uploads\/2020\/06\/Giudizi-ortografici-per-riabilitare-deficit-linguaggio.png?resize=300%2C220&amp;ssl=1 300w, https:\/\/i0.wp.com\/www.neurotablet.com\/wp-content\/uploads\/2020\/06\/Giudizi-ortografici-per-riabilitare-deficit-linguaggio.png?resize=768%2C563&amp;ssl=1 768w, https:\/\/i0.wp.com\/www.neurotablet.com\/wp-content\/uploads\/2020\/06\/Giudizi-ortografici-per-riabilitare-deficit-linguaggio.png?resize=199%2C146&amp;ssl=1 199w, https:\/\/i0.wp.com\/www.neurotablet.com\/wp-content\/uploads\/2020\/06\/Giudizi-ortografici-per-riabilitare-deficit-linguaggio.png?resize=50%2C37&amp;ssl=1 50w, https:\/\/i0.wp.com\/www.neurotablet.com\/wp-content\/uploads\/2020\/06\/Giudizi-ortografici-per-riabilitare-deficit-linguaggio.png?resize=102%2C75&amp;ssl=1 102w, https:\/\/i0.wp.com\/www.neurotablet.com\/wp-content\/uploads\/2020\/06\/Giudizi-ortografici-per-riabilitare-deficit-linguaggio.png?w=1444&amp;ssl=1 1444w\" sizes=\"(max-width: 466px) 100vw, 466px\" \/><figcaption>Giudizi ortografici: uno degli esercizi per riabilitare i deficit di linguaggio nel Neurotablet<\/figcaption><\/figure><\/div>\n\n\n\n<p>L&#8217;approccio che Neurab ha seguito nella realizzazione degli esercizi per la riabilitazione del linguaggio \u00e8 basato proprio sul modello della neuropsicologia contemporanea, che divide le facolt\u00e0 linguistiche in lessicali e sublessicali. Entro questo paradigma, gli esercizi proposti permettono una riabilitazione dei lessici fonologici e ortografici di input, dei meccanismi di conversione acustico-ortografica e pi\u00f9 in generale un allenamento pi\u00f9 ecologico sulla denominazione e sulla correttezza di suoni, lessico e grafie del linguaggio.\u00a0<\/p>\n\n\n\n<p>Tra gli esercizi troviamo ad esempio l\u2019<strong><em>Associazione suono-simbolo<\/em>, <\/strong>studiato per permettere un allenamento delle vie sublessicali. L&#8217;esercizio riproduce acusticamente lettere, sillabe, parole e pseudoparole di lunghezza sillabica differente: il paziente ascolta lo stimolo e seleziona fra pi\u00f9 alternative quale forma scritta corrisponde al suono appena ascoltato. Un altro esercizio \u00e8 <strong><em>Giudizi ortografici<\/em><\/strong>, progettato per allenare il lessico del paziente. Vengono mostrate o riprodotte acusticamente delle parole: compito del paziente \u00e8 riconoscere l&#8217;errore in esse e riscriverle correttamente.<\/p>\n\n\n\n<p>Scopri tutte <a href=\"http:\/\/www.neurotablet.com\/#funzionalita\">le funzionalit\u00e0 del Neurotablet<\/a> scrivendoci a info@neurab.com o chiamandoci al numero 0464-436381.<\/p>\n\n\n\n<p>Fonti:<\/p>\n\n\n\n<ol class=\"wp-block-list\"><li>Atkinson, W. W., Hilgard, E. R., Smith, E. E., Nolen-Hoeksema, S., Fredrickson, B. L., &amp; Buonarrivo, L. (2006). <em>Introduzione alla psicologia<\/em>. Padova: Piccin-Nuova Libraria.<\/li><li>Vallar, G., &amp; Papagno, C. (2007). <em>Manuale di neuropsicologia: clinica ed elementi di riabilitazione<\/em>. Bologna: Il mulino.<\/li><\/ol>\n\n\n\n<p>Dott.ssa Denise Magnago, neuropsicologa<\/p>\n","protected":false},"excerpt":{"rendered":"<p>Cosa sono le funzioni linguistiche? Il linguaggio \u00e8 la capacit\u00e0 cognitiva che pi\u00f9 caratterizza la specie umana. Esso permette sia la funzione comunicativa, con la quale<span class=\"excerpt-hellip\"> [\u2026]<\/span><\/p>\n","protected":false},"author":1,"featured_media":2932,"comment_status":"closed","ping_status":"closed","sticky":false,"template":"","format":"standard","meta":{"jetpack_post_was_ever_published":false,"_jetpack_newsletter_access":"","_jetpack_dont_email_post_to_subs":false,"_jetpack_newsletter_tier_id":0,"_jetpack_memberships_contains_paywalled_content":false,"_jetpack_memberships_contains_paid_content":false,"footnotes":"","jetpack_publicize_message":"","jetpack_publicize_feature_enabled":true,"jetpack_social_post_already_shared":true,"jetpack_social_options":{"image_generator_settings":{"template":"highway","default_image_id":0,"font":"","enabled":false},"version":2}},"categories":[9],"tags":[25],"class_list":["post-2927","post","type-post","status-publish","format-standard","has-post-thumbnail","hentry","category-news","tag-linguaggio"],"yoast_head":"<!-- This site is optimized with the Yoast SEO plugin v26.2 - https:\/\/yoast.com\/wordpress\/plugins\/seo\/ -->\n<title>DEFICIT E RIABILITAZIONE DEL LINGUAGGIO - Neurotablet by Neurab<\/title>\n<meta name=\"description\" content=\"Deficit del linguaggio: come si sviluppano e si manifestano, e come il Neurotablet aiuta nella riabilitazione delle funzioni linguistiche.\" \/>\n<meta name=\"robots\" content=\"index, follow, max-snippet:-1, max-image-preview:large, max-video-preview:-1\" \/>\n<link rel=\"canonical\" href=\"https:\/\/www.neurotablet.com\/?p=2927\" \/>\n<meta property=\"og:locale\" content=\"it_IT\" \/>\n<meta property=\"og:type\" content=\"article\" \/>\n<meta property=\"og:title\" content=\"DEFICIT E RIABILITAZIONE DEL LINGUAGGIO - Neurotablet by Neurab\" \/>\n<meta property=\"og:description\" content=\"Deficit del linguaggio: come si sviluppano e si manifestano, e come il Neurotablet aiuta nella riabilitazione delle funzioni linguistiche.\" \/>\n<meta property=\"og:url\" content=\"https:\/\/www.neurotablet.com\/?p=2927\" \/>\n<meta property=\"og:site_name\" content=\"Neurotablet by Neurab\" \/>\n<meta property=\"article:published_time\" content=\"2020-06-23T16:26:58+00:00\" \/>\n<meta property=\"article:modified_time\" content=\"2020-06-23T16:27:00+00:00\" \/>\n<meta property=\"og:image\" content=\"https:\/\/i0.wp.com\/www.neurotablet.com\/wp-content\/uploads\/2020\/06\/deficit-linguaggio.jpg?fit=1000%2C750&ssl=1\" \/>\n\t<meta property=\"og:image:width\" content=\"1000\" \/>\n\t<meta property=\"og:image:height\" content=\"750\" \/>\n\t<meta property=\"og:image:type\" content=\"image\/jpeg\" \/>\n<meta name=\"author\" content=\"admin\" \/>\n<meta name=\"twitter:card\" content=\"summary_large_image\" \/>\n<meta name=\"twitter:label1\" content=\"Scritto da\" \/>\n\t<meta name=\"twitter:data1\" content=\"admin\" \/>\n\t<meta name=\"twitter:label2\" content=\"Tempo di lettura stimato\" \/>\n\t<meta name=\"twitter:data2\" content=\"3 minuti\" \/>\n<script type=\"application\/ld+json\" class=\"yoast-schema-graph\">{\"@context\":\"https:\/\/schema.org\",\"@graph\":[{\"@type\":\"WebPage\",\"@id\":\"https:\/\/www.neurotablet.com\/?p=2927\",\"url\":\"https:\/\/www.neurotablet.com\/?p=2927\",\"name\":\"DEFICIT E RIABILITAZIONE DEL LINGUAGGIO - Neurotablet by Neurab\",\"isPartOf\":{\"@id\":\"https:\/\/www.neurotablet.com\/#website\"},\"primaryImageOfPage\":{\"@id\":\"https:\/\/www.neurotablet.com\/?p=2927#primaryimage\"},\"image\":{\"@id\":\"https:\/\/www.neurotablet.com\/?p=2927#primaryimage\"},\"thumbnailUrl\":\"https:\/\/i0.wp.com\/www.neurotablet.com\/wp-content\/uploads\/2020\/06\/deficit-linguaggio.jpg?fit=1000%2C750&ssl=1\",\"datePublished\":\"2020-06-23T16:26:58+00:00\",\"dateModified\":\"2020-06-23T16:27:00+00:00\",\"author\":{\"@id\":\"https:\/\/www.neurotablet.com\/#\/schema\/person\/37588eea76483a80ad799bb6abd2b5e7\"},\"description\":\"Deficit del linguaggio: come si sviluppano e si manifestano, e come il Neurotablet aiuta nella riabilitazione delle funzioni linguistiche.\",\"breadcrumb\":{\"@id\":\"https:\/\/www.neurotablet.com\/?p=2927#breadcrumb\"},\"inLanguage\":\"it-IT\",\"potentialAction\":[{\"@type\":\"ReadAction\",\"target\":[\"https:\/\/www.neurotablet.com\/?p=2927\"]}]},{\"@type\":\"ImageObject\",\"inLanguage\":\"it-IT\",\"@id\":\"https:\/\/www.neurotablet.com\/?p=2927#primaryimage\",\"url\":\"https:\/\/i0.wp.com\/www.neurotablet.com\/wp-content\/uploads\/2020\/06\/deficit-linguaggio.jpg?fit=1000%2C750&ssl=1\",\"contentUrl\":\"https:\/\/i0.wp.com\/www.neurotablet.com\/wp-content\/uploads\/2020\/06\/deficit-linguaggio.jpg?fit=1000%2C750&ssl=1\",\"width\":1000,\"height\":750},{\"@type\":\"BreadcrumbList\",\"@id\":\"https:\/\/www.neurotablet.com\/?p=2927#breadcrumb\",\"itemListElement\":[{\"@type\":\"ListItem\",\"position\":1,\"name\":\"Home\",\"item\":\"https:\/\/www.neurotablet.com\/\"},{\"@type\":\"ListItem\",\"position\":2,\"name\":\"DEFICIT E RIABILITAZIONE DEL LINGUAGGIO\"}]},{\"@type\":\"WebSite\",\"@id\":\"https:\/\/www.neurotablet.com\/#website\",\"url\":\"https:\/\/www.neurotablet.com\/\",\"name\":\"Neurotablet by Neurab\",\"description\":\"Il tablet per la riabilitazione a distanza\",\"potentialAction\":[{\"@type\":\"SearchAction\",\"target\":{\"@type\":\"EntryPoint\",\"urlTemplate\":\"https:\/\/www.neurotablet.com\/?s={search_term_string}\"},\"query-input\":{\"@type\":\"PropertyValueSpecification\",\"valueRequired\":true,\"valueName\":\"search_term_string\"}}],\"inLanguage\":\"it-IT\"},{\"@type\":\"Person\",\"@id\":\"https:\/\/www.neurotablet.com\/#\/schema\/person\/37588eea76483a80ad799bb6abd2b5e7\",\"name\":\"admin\",\"image\":{\"@type\":\"ImageObject\",\"inLanguage\":\"it-IT\",\"@id\":\"https:\/\/www.neurotablet.com\/#\/schema\/person\/image\/\",\"url\":\"https:\/\/secure.gravatar.com\/avatar\/e702a12059779f0e379a0bbd5debb2e661e4cfa6212fd05ac05e59e8852de9b9?s=96&d=mm&r=g\",\"contentUrl\":\"https:\/\/secure.gravatar.com\/avatar\/e702a12059779f0e379a0bbd5debb2e661e4cfa6212fd05ac05e59e8852de9b9?s=96&d=mm&r=g\",\"caption\":\"admin\"},\"url\":\"https:\/\/www.neurotablet.com\/?author=1\"}]}<\/script>\n<!-- \/ Yoast SEO plugin. -->","yoast_head_json":{"title":"DEFICIT E RIABILITAZIONE DEL LINGUAGGIO - Neurotablet by Neurab","description":"Deficit del linguaggio: come si sviluppano e si manifestano, e come il Neurotablet aiuta nella riabilitazione delle funzioni linguistiche.","robots":{"index":"index","follow":"follow","max-snippet":"max-snippet:-1","max-image-preview":"max-image-preview:large","max-video-preview":"max-video-preview:-1"},"canonical":"https:\/\/www.neurotablet.com\/?p=2927","og_locale":"it_IT","og_type":"article","og_title":"DEFICIT E RIABILITAZIONE DEL LINGUAGGIO - Neurotablet by Neurab","og_description":"Deficit del linguaggio: come si sviluppano e si manifestano, e come il Neurotablet aiuta nella riabilitazione delle funzioni linguistiche.","og_url":"https:\/\/www.neurotablet.com\/?p=2927","og_site_name":"Neurotablet by Neurab","article_published_time":"2020-06-23T16:26:58+00:00","article_modified_time":"2020-06-23T16:27:00+00:00","og_image":[{"width":1000,"height":750,"url":"https:\/\/i0.wp.com\/www.neurotablet.com\/wp-content\/uploads\/2020\/06\/deficit-linguaggio.jpg?fit=1000%2C750&ssl=1","type":"image\/jpeg"}],"author":"admin","twitter_card":"summary_large_image","twitter_misc":{"Scritto da":"admin","Tempo di lettura stimato":"3 minuti"},"schema":{"@context":"https:\/\/schema.org","@graph":[{"@type":"WebPage","@id":"https:\/\/www.neurotablet.com\/?p=2927","url":"https:\/\/www.neurotablet.com\/?p=2927","name":"DEFICIT E RIABILITAZIONE DEL LINGUAGGIO - Neurotablet by Neurab","isPartOf":{"@id":"https:\/\/www.neurotablet.com\/#website"},"primaryImageOfPage":{"@id":"https:\/\/www.neurotablet.com\/?p=2927#primaryimage"},"image":{"@id":"https:\/\/www.neurotablet.com\/?p=2927#primaryimage"},"thumbnailUrl":"https:\/\/i0.wp.com\/www.neurotablet.com\/wp-content\/uploads\/2020\/06\/deficit-linguaggio.jpg?fit=1000%2C750&ssl=1","datePublished":"2020-06-23T16:26:58+00:00","dateModified":"2020-06-23T16:27:00+00:00","author":{"@id":"https:\/\/www.neurotablet.com\/#\/schema\/person\/37588eea76483a80ad799bb6abd2b5e7"},"description":"Deficit del linguaggio: come si sviluppano e si manifestano, e come il Neurotablet aiuta nella riabilitazione delle funzioni linguistiche.","breadcrumb":{"@id":"https:\/\/www.neurotablet.com\/?p=2927#breadcrumb"},"inLanguage":"it-IT","potentialAction":[{"@type":"ReadAction","target":["https:\/\/www.neurotablet.com\/?p=2927"]}]},{"@type":"ImageObject","inLanguage":"it-IT","@id":"https:\/\/www.neurotablet.com\/?p=2927#primaryimage","url":"https:\/\/i0.wp.com\/www.neurotablet.com\/wp-content\/uploads\/2020\/06\/deficit-linguaggio.jpg?fit=1000%2C750&ssl=1","contentUrl":"https:\/\/i0.wp.com\/www.neurotablet.com\/wp-content\/uploads\/2020\/06\/deficit-linguaggio.jpg?fit=1000%2C750&ssl=1","width":1000,"height":750},{"@type":"BreadcrumbList","@id":"https:\/\/www.neurotablet.com\/?p=2927#breadcrumb","itemListElement":[{"@type":"ListItem","position":1,"name":"Home","item":"https:\/\/www.neurotablet.com\/"},{"@type":"ListItem","position":2,"name":"DEFICIT E RIABILITAZIONE DEL LINGUAGGIO"}]},{"@type":"WebSite","@id":"https:\/\/www.neurotablet.com\/#website","url":"https:\/\/www.neurotablet.com\/","name":"Neurotablet by Neurab","description":"Il tablet per la riabilitazione a distanza","potentialAction":[{"@type":"SearchAction","target":{"@type":"EntryPoint","urlTemplate":"https:\/\/www.neurotablet.com\/?s={search_term_string}"},"query-input":{"@type":"PropertyValueSpecification","valueRequired":true,"valueName":"search_term_string"}}],"inLanguage":"it-IT"},{"@type":"Person","@id":"https:\/\/www.neurotablet.com\/#\/schema\/person\/37588eea76483a80ad799bb6abd2b5e7","name":"admin","image":{"@type":"ImageObject","inLanguage":"it-IT","@id":"https:\/\/www.neurotablet.com\/#\/schema\/person\/image\/","url":"https:\/\/secure.gravatar.com\/avatar\/e702a12059779f0e379a0bbd5debb2e661e4cfa6212fd05ac05e59e8852de9b9?s=96&d=mm&r=g","contentUrl":"https:\/\/secure.gravatar.com\/avatar\/e702a12059779f0e379a0bbd5debb2e661e4cfa6212fd05ac05e59e8852de9b9?s=96&d=mm&r=g","caption":"admin"},"url":"https:\/\/www.neurotablet.com\/?author=1"}]}},"jetpack_publicize_connections":[],"jetpack_featured_media_url":"https:\/\/i0.wp.com\/www.neurotablet.com\/wp-content\/uploads\/2020\/06\/deficit-linguaggio.jpg?fit=1000%2C750&ssl=1","jetpack_sharing_enabled":true,"jetpack_shortlink":"https:\/\/wp.me\/p7vm2r-Ld","jetpack-related-posts":[{"id":2584,"url":"https:\/\/www.neurotablet.com\/?p=2584","url_meta":{"origin":2927,"position":0},"title":"Lesioni cerebrali e deficit cognitivi acquisiti: cosa sono, come intervenire","author":"admin","date":"Novembre 24, 2017","format":false,"excerpt":"Cosa sono i deficit cognitivi acquisiti? Si tratta di disturbi che insorgono in seguito a\u00a0lesioni cerebrali di varia natura\u00a0e i sintomi variano molto in relazione al tipo di lesione. I deficit cognitivi che si incontrano possono riguardare\u00a0l\u2019attenzione, la\u00a0memoria, il\u00a0linguaggio, il\u00a0movimento, la\u00a0percezione\u00a0e le cosiddette\u00a0funzioni esecutive. Le lesioni cerebrali possono essere cos\u00ec\u2026","rel":"","context":"In &quot;News&quot;","block_context":{"text":"News","link":"https:\/\/www.neurotablet.com\/?cat=9"},"img":{"alt_text":"demenza alzheimer deficit cognitivi","src":"https:\/\/i0.wp.com\/www.neurotablet.com\/wp-content\/uploads\/2017\/11\/deficit-cognitivi.jpg?fit=1200%2C1159&ssl=1&resize=350%2C200","width":350,"height":200,"srcset":"https:\/\/i0.wp.com\/www.neurotablet.com\/wp-content\/uploads\/2017\/11\/deficit-cognitivi.jpg?fit=1200%2C1159&ssl=1&resize=350%2C200 1x, https:\/\/i0.wp.com\/www.neurotablet.com\/wp-content\/uploads\/2017\/11\/deficit-cognitivi.jpg?fit=1200%2C1159&ssl=1&resize=525%2C300 1.5x, https:\/\/i0.wp.com\/www.neurotablet.com\/wp-content\/uploads\/2017\/11\/deficit-cognitivi.jpg?fit=1200%2C1159&ssl=1&resize=700%2C400 2x, https:\/\/i0.wp.com\/www.neurotablet.com\/wp-content\/uploads\/2017\/11\/deficit-cognitivi.jpg?fit=1200%2C1159&ssl=1&resize=1050%2C600 3x"},"classes":[]},{"id":2326,"url":"https:\/\/www.neurotablet.com\/?p=2326","url_meta":{"origin":2927,"position":1},"title":"Il Neurotablet","author":"admin","date":"Giugno 14, 2016","format":false,"excerpt":"Le lesioni neurocognitive sono la conseguenza di danni al cervello: la particolarit\u00e0 di queste lesioni \u00e8 che anche se anche a volte la persona appare sana da fuori, in realt\u00e0 pu\u00f2 avere problemi nel comportamento e nella comprensione. Solitamente questi danni sono causati da ictus, ischemie oppure traumi cranici, ma\u2026","rel":"","context":"Articolo simile","block_context":{"text":"Articolo simile","link":""},"img":{"alt_text":"","src":"https:\/\/i0.wp.com\/www.neurotablet.com\/wp-content\/uploads\/2015\/10\/neurotabletprova.png?fit=1200%2C489&ssl=1&resize=350%2C200","width":350,"height":200,"srcset":"https:\/\/i0.wp.com\/www.neurotablet.com\/wp-content\/uploads\/2015\/10\/neurotabletprova.png?fit=1200%2C489&ssl=1&resize=350%2C200 1x, https:\/\/i0.wp.com\/www.neurotablet.com\/wp-content\/uploads\/2015\/10\/neurotabletprova.png?fit=1200%2C489&ssl=1&resize=525%2C300 1.5x, https:\/\/i0.wp.com\/www.neurotablet.com\/wp-content\/uploads\/2015\/10\/neurotabletprova.png?fit=1200%2C489&ssl=1&resize=700%2C400 2x, https:\/\/i0.wp.com\/www.neurotablet.com\/wp-content\/uploads\/2015\/10\/neurotabletprova.png?fit=1200%2C489&ssl=1&resize=1050%2C600 3x"},"classes":[]},{"id":3076,"url":"https:\/\/www.neurotablet.com\/?p=3076","url_meta":{"origin":2927,"position":2},"title":"LA MEMORIA: UNA CAPACIT\u00c0 ESSENZIALE PER LA VITA. MA COME FUNZIONA?","author":"admin","date":"Maggio 17, 2021","format":false,"excerpt":"La memoria \u00e8 un insieme di processi essenziali per la nostra vita. Senza la memoria del passato non potremmo agire nel presente o pensare al futuro. Non saremmo capaci di ricordare cosa abbiamo fatto ieri, cosa abbiamo fatto oggi o cosa abbiamo pianificato per domani. Inoltre, senza la memoria non\u2026","rel":"","context":"Articolo simile","block_context":{"text":"Articolo simile","link":""},"img":{"alt_text":"","src":"https:\/\/i0.wp.com\/www.neurotablet.com\/wp-content\/uploads\/2021\/05\/Memoria-scaled.jpg?fit=1200%2C795&ssl=1&resize=350%2C200","width":350,"height":200,"srcset":"https:\/\/i0.wp.com\/www.neurotablet.com\/wp-content\/uploads\/2021\/05\/Memoria-scaled.jpg?fit=1200%2C795&ssl=1&resize=350%2C200 1x, https:\/\/i0.wp.com\/www.neurotablet.com\/wp-content\/uploads\/2021\/05\/Memoria-scaled.jpg?fit=1200%2C795&ssl=1&resize=525%2C300 1.5x, https:\/\/i0.wp.com\/www.neurotablet.com\/wp-content\/uploads\/2021\/05\/Memoria-scaled.jpg?fit=1200%2C795&ssl=1&resize=700%2C400 2x, https:\/\/i0.wp.com\/www.neurotablet.com\/wp-content\/uploads\/2021\/05\/Memoria-scaled.jpg?fit=1200%2C795&ssl=1&resize=1050%2C600 3x"},"classes":[]},{"id":2346,"url":"https:\/\/www.neurotablet.com\/?p=2346","url_meta":{"origin":2927,"position":3},"title":"Cos\u2019\u00e8 la memoria?","author":"admin","date":"Giugno 17, 2016","format":false,"excerpt":"La memoria \u00e8 un insieme di processi essenziali per la nostra vita. Senza la memoria del passato non potremmo agire nel presente o pensare al futuro. Non saremmo capaci di ricordare cosa abbiamo fatto ieri, cosa abbiamo fatto oggi o cosa abbiamo pianificato per domani. Inoltre, senza la memoria non\u2026","rel":"","context":"Articolo simile","block_context":{"text":"Articolo simile","link":""},"img":{"alt_text":"brain","src":"https:\/\/i0.wp.com\/www.neurotablet.com\/wp-content\/uploads\/2016\/06\/memoria-cervello.jpg?fit=800%2C500&ssl=1&resize=350%2C200","width":350,"height":200,"srcset":"https:\/\/i0.wp.com\/www.neurotablet.com\/wp-content\/uploads\/2016\/06\/memoria-cervello.jpg?fit=800%2C500&ssl=1&resize=350%2C200 1x, https:\/\/i0.wp.com\/www.neurotablet.com\/wp-content\/uploads\/2016\/06\/memoria-cervello.jpg?fit=800%2C500&ssl=1&resize=525%2C300 1.5x, https:\/\/i0.wp.com\/www.neurotablet.com\/wp-content\/uploads\/2016\/06\/memoria-cervello.jpg?fit=800%2C500&ssl=1&resize=700%2C400 2x"},"classes":[]},{"id":3035,"url":"https:\/\/www.neurotablet.com\/?p=3035","url_meta":{"origin":2927,"position":4},"title":"SCLEROSI MULTIPLA: CAPIRE COS\u2019\u00c8 E COME AFFRONTARLA","author":"admin","date":"Febbraio 1, 2021","format":false,"excerpt":"Cos\u2019\u00e8 la Sclerosi Multipla? La sclerosi multipla (SM) \u00e8 una malattia complessa, caratterizzata da una compromissione di tessuti e cellule del sistema nervoso centrale. Nello specifico questa patologia \u00e8 caratterizzata dalla distruzione della guaina mielinica (l\u2019isolamento di sostanza grassa intorno alle fibre nervose), interrompendo la normale trasmissione di impulsi nervosi.\u2026","rel":"","context":"Articolo simile","block_context":{"text":"Articolo simile","link":""},"img":{"alt_text":"","src":"https:\/\/i0.wp.com\/www.neurotablet.com\/wp-content\/uploads\/2020\/12\/cose-lictus.png?resize=350%2C200&ssl=1","width":350,"height":200},"classes":[]},{"id":3080,"url":"https:\/\/www.neurotablet.com\/?p=3080","url_meta":{"origin":2927,"position":5},"title":"NEUROTRAX E NEUROTABLET: LA TECNOLOGIA AL SERVIZIO DEI PAZIENTI","author":"admin","date":"Giugno 3, 2021","format":false,"excerpt":"Oggi la tecnologia fa parte della vita lavorativa di medici e neuropsicologi che si affidano sempre di pi\u00f9 a strumenti che facilitano le loro attivit\u00e0. Tali dispositivi possono garantire misurazioni delle prestazioni pi\u00f9 precise e incrementano l\u2019adesione del paziente al trattamento. L\u2019iter del paziente neurologico I pazienti con lesione cerebrale\u2026","rel":"","context":"Articolo simile","block_context":{"text":"Articolo simile","link":""},"img":{"alt_text":"","src":"https:\/\/i0.wp.com\/www.neurotablet.com\/wp-content\/uploads\/2018\/01\/cervello-ingranaggi-copia.jpg?fit=1200%2C882&ssl=1&resize=350%2C200","width":350,"height":200,"srcset":"https:\/\/i0.wp.com\/www.neurotablet.com\/wp-content\/uploads\/2018\/01\/cervello-ingranaggi-copia.jpg?fit=1200%2C882&ssl=1&resize=350%2C200 1x, https:\/\/i0.wp.com\/www.neurotablet.com\/wp-content\/uploads\/2018\/01\/cervello-ingranaggi-copia.jpg?fit=1200%2C882&ssl=1&resize=525%2C300 1.5x, https:\/\/i0.wp.com\/www.neurotablet.com\/wp-content\/uploads\/2018\/01\/cervello-ingranaggi-copia.jpg?fit=1200%2C882&ssl=1&resize=700%2C400 2x, https:\/\/i0.wp.com\/www.neurotablet.com\/wp-content\/uploads\/2018\/01\/cervello-ingranaggi-copia.jpg?fit=1200%2C882&ssl=1&resize=1050%2C600 3x"},"classes":[]}],"_links":{"self":[{"href":"https:\/\/www.neurotablet.com\/index.php?rest_route=\/wp\/v2\/posts\/2927","targetHints":{"allow":["GET"]}}],"collection":[{"href":"https:\/\/www.neurotablet.com\/index.php?rest_route=\/wp\/v2\/posts"}],"about":[{"href":"https:\/\/www.neurotablet.com\/index.php?rest_route=\/wp\/v2\/types\/post"}],"author":[{"embeddable":true,"href":"https:\/\/www.neurotablet.com\/index.php?rest_route=\/wp\/v2\/users\/1"}],"replies":[{"embeddable":true,"href":"https:\/\/www.neurotablet.com\/index.php?rest_route=%2Fwp%2Fv2%2Fcomments&post=2927"}],"version-history":[{"count":4,"href":"https:\/\/www.neurotablet.com\/index.php?rest_route=\/wp\/v2\/posts\/2927\/revisions"}],"predecessor-version":[{"id":2933,"href":"https:\/\/www.neurotablet.com\/index.php?rest_route=\/wp\/v2\/posts\/2927\/revisions\/2933"}],"wp:featuredmedia":[{"embeddable":true,"href":"https:\/\/www.neurotablet.com\/index.php?rest_route=\/wp\/v2\/media\/2932"}],"wp:attachment":[{"href":"https:\/\/www.neurotablet.com\/index.php?rest_route=%2Fwp%2Fv2%2Fmedia&parent=2927"}],"wp:term":[{"taxonomy":"category","embeddable":true,"href":"https:\/\/www.neurotablet.com\/index.php?rest_route=%2Fwp%2Fv2%2Fcategories&post=2927"},{"taxonomy":"post_tag","embeddable":true,"href":"https:\/\/www.neurotablet.com\/index.php?rest_route=%2Fwp%2Fv2%2Ftags&post=2927"}],"curies":[{"name":"wp","href":"https:\/\/api.w.org\/{rel}","templated":true}]}}