{"id":2973,"date":"2020-10-20T18:48:14","date_gmt":"2020-10-20T18:48:14","guid":{"rendered":"http:\/\/www.neurotablet.com\/?p=2973"},"modified":"2020-10-21T12:26:25","modified_gmt":"2020-10-21T12:26:25","slug":"5-cose-che-non-sai-sui-traumi-cranici","status":"publish","type":"post","link":"https:\/\/www.neurotablet.com\/?p=2973","title":{"rendered":"5 COSE CHE NON SAI SUI TRAUMI CRANICI"},"content":{"rendered":"\n<figure class=\"wp-block-image size-large\"><img data-recalc-dims=\"1\" fetchpriority=\"high\" decoding=\"async\" width=\"1024\" height=\"673\" data-attachment-id=\"2975\" data-permalink=\"https:\/\/www.neurotablet.com\/?attachment_id=2975\" data-orig-file=\"https:\/\/i0.wp.com\/www.neurotablet.com\/wp-content\/uploads\/2020\/10\/traumacranico.jpg?fit=1200%2C789&amp;ssl=1\" data-orig-size=\"1200,789\" data-comments-opened=\"0\" data-image-meta=\"{&quot;aperture&quot;:&quot;0&quot;,&quot;credit&quot;:&quot;&quot;,&quot;camera&quot;:&quot;&quot;,&quot;caption&quot;:&quot;&quot;,&quot;created_timestamp&quot;:&quot;0&quot;,&quot;copyright&quot;:&quot;&quot;,&quot;focal_length&quot;:&quot;0&quot;,&quot;iso&quot;:&quot;0&quot;,&quot;shutter_speed&quot;:&quot;0&quot;,&quot;title&quot;:&quot;&quot;,&quot;orientation&quot;:&quot;0&quot;}\" data-image-title=\"traumacranico\" data-image-description=\"\" data-image-caption=\"\" data-medium-file=\"https:\/\/i0.wp.com\/www.neurotablet.com\/wp-content\/uploads\/2020\/10\/traumacranico.jpg?fit=300%2C197&amp;ssl=1\" data-large-file=\"https:\/\/i0.wp.com\/www.neurotablet.com\/wp-content\/uploads\/2020\/10\/traumacranico.jpg?fit=1024%2C673&amp;ssl=1\" src=\"https:\/\/i0.wp.com\/www.neurotablet.com\/wp-content\/uploads\/2020\/10\/traumacranico.jpg?resize=1024%2C673\" alt=\"\" class=\"wp-image-2975\" srcset=\"https:\/\/i0.wp.com\/www.neurotablet.com\/wp-content\/uploads\/2020\/10\/traumacranico.jpg?resize=1024%2C673&amp;ssl=1 1024w, https:\/\/i0.wp.com\/www.neurotablet.com\/wp-content\/uploads\/2020\/10\/traumacranico.jpg?resize=300%2C197&amp;ssl=1 300w, https:\/\/i0.wp.com\/www.neurotablet.com\/wp-content\/uploads\/2020\/10\/traumacranico.jpg?resize=768%2C505&amp;ssl=1 768w, https:\/\/i0.wp.com\/www.neurotablet.com\/wp-content\/uploads\/2020\/10\/traumacranico.jpg?resize=222%2C146&amp;ssl=1 222w, https:\/\/i0.wp.com\/www.neurotablet.com\/wp-content\/uploads\/2020\/10\/traumacranico.jpg?resize=50%2C33&amp;ssl=1 50w, https:\/\/i0.wp.com\/www.neurotablet.com\/wp-content\/uploads\/2020\/10\/traumacranico.jpg?resize=114%2C75&amp;ssl=1 114w, https:\/\/i0.wp.com\/www.neurotablet.com\/wp-content\/uploads\/2020\/10\/traumacranico.jpg?w=1200&amp;ssl=1 1200w\" sizes=\"(max-width: 1024px) 100vw, 1024px\" \/><\/figure>\n\n\n\n<p><\/p>\n\n\n\n<p>Il trauma cranico \u00e8 definito come \u201c<em>una condizione clinica caratterizzata da un danno all\u2019encefalo causato da una forza fisica esterna, rapida, improvvisa e violenta che determina un diminuito o alterato stato di coscienza, con coinvolgimento delle funzioni cognitive, neurosomatiche ed emotivo-comportamentali<\/em>\u201d [1].<\/p>\n\n\n\n<p>Quella che in gergo chiamiamo una \u201cbotta in testa\u201d non \u00e8 un\u2019esperienza rara: a chi non \u00e8 mai capitato di sbattere contro l\u2019anta di un mobile in cucina o di camminare per strada e, distratti, scontrarsi con un palo? Molti di questi casi sono molto dolorosi ma non eccessivamente pericolosi, altri invece si potrebbero rivelare dei veri e propri danni cerebrali.<\/p>\n\n\n\n<p>Ecco alcune cose che potresti non sapere sui traumi cranici<\/p>\n\n\n\n<p><strong>1. Prima causa di morte in giovane et\u00e0 a causa di incidenti stradali<\/strong><\/p>\n\n\n\n<p>Il trauma cranico rappresenta una tra le pi\u00f9 frequenti malattie disabilitanti, con un\u2019incidenza in Europa stimata attorno ai 235 casi per 100.000 abitanti per anno e risulta la prima causa di morte in Italia fra i 15 ed i 44 anni [2] [3].<\/p>\n\n\n\n<p>L\u2019incidenza di ricovero in ospedale in Italia \u00e8 di circa 250-300 casi ogni 100.000 abitanti ogni anno, la gran parte classificati come traumi minori, dati sovrapponibili a quelli di altri paesi europei. In Italia la prima causa del trauma sono gli incidenti stradali, seguiti dalle cadute accidentali [3].<\/p>\n\n\n\n<p><\/p>\n\n\n\n<p><strong>2. Genere e condizioni socio-economiche come fattori di rischio<\/strong><\/p>\n\n\n\n<p>Sembra proprio che gli uomini subiscano lesioni al capo con una frequenza doppia o pi\u00f9 rispetto alle donne e questa differenza \u00e8 maggiore negli anni che costituiscono il picco per li traumi. Anche una condizione socio-economica inferiore, la disoccupazione e livelli inferiori di istruzione appaiono come fattori di rischio che aumentano la probabilit\u00e0 di lesioni dovute generalmente a cadute o aggressioni [2][4][5]<\/p>\n\n\n\n<p><\/p>\n\n\n\n<p><strong>3. Talvolta i sintomi non sono subito evidenti<\/strong><\/p>\n\n\n\n<p>La Glasgow Coma Scale \u00e8 oggi il principale metodo per classificare l\u2019entit\u00e0 del trauma cranico sulla base della risposta (oculare, verbale e motoria) che il paziente fornisce agli stimoli indotti dall\u2019esaminatore. La sintomatologia del trauma cranico pu\u00f2 essere molto variabile a seconda dell\u2019entit\u00e0 del trauma (lieve, moderato, grave) e talvolta pu\u00f2 richiedere ore o giorni prima di manifestarsi.<\/p>\n\n\n\n<p>Talvolta nei traumi cranici lievi non ci si accorge dei sintomi finch\u00e9 non si rientra al lavoro, dove viene richiesto un alto livello di prestazione cognitiva: si notano quindi sintomi come lieve distraibilit\u00e0, lentezza, difficolt\u00e0 a compiere diversi compiti contemporaneamente, confusione o disorientamento [6].<\/p>\n\n\n\n<p><strong>4. Attenzione alle interazioni!<\/strong><br>Alcuni farmaci, ad esempio quelli anticoagulanti, aumentano il rischio di emorragie cerebrali. Pertanto in chi assume questo tipo di terapia, le conseguenze di un trauma cranico potrebbero essere pi\u00f9 importanti, anche se l\u2019entit\u00e0 del danno non \u00e8 grave. Non solo i farmaci, ma anche altre sostanze come alcol o droga potrebbero peggiorare le condizioni della persona in seguito a un trauma al capo [6].<\/p>\n\n\n\n<p><\/p>\n\n\n\n<p><strong>5. Cosa NON fare!<\/strong><br>Quando ci si trova in una situazione critica come quella di assistere una persona che ha appena subito un trauma cranico, si cerca di fare di tutto per aiutarla. Tuttavia ci sono alcune accortezze da tenere a mente: a prescindere dalla gravit\u00e0 del trauma non somministrare mai alcolici, sonniferi o altri farmaci, altrimenti sar\u00e0 pi\u00f9 difficile discriminare quale sia la reale causa di un sintomo emergente.<\/p>\n\n\n\n<p><\/p>\n\n\n\n<p><strong>FONTI:<\/strong><\/p>\n\n\n\n<p>[1] Mazzucchi, A. (2012). La riabilitazione neuropsicologica &#8211; Premesse teoriche e applicazioni cliniche . III ed. Elsevier &#8211; Masson<\/p>\n\n\n\n<p>[2] Tagliaferri, F., Compagnone, C., Korsic, M., Servadei, F., &amp; Kraus, J. J. A. N. (2006). A systematic review of brain injury epidemiology in Europe. Acta neurochirurgica, 148(3), 255-268.<\/p>\n\n\n\n<p>[3] Tagliaferri, F., Compagnone, C. &amp; Servadei, F. (2007). Inquadramento del trauma cranico e cenni di terapia medica e chirurgica. Pubblicato in Salute e Sicurezza Stradale: l&#8217;Onda Lunga del Trauma, a cura di Franco Taggi e Pietro Marturano, C.A.F.I. Editore, Roma, 2007, pp. 281-292<\/p>\n\n\n\n<p>[4] Frankowski, R. F., Annegers, J. F., &amp; Whitman, S. (1985). Epidemiological and descriptive studies, Part 1. The descriptive epidemiology of head trauma in the United States. Central nervous system trauma status report, 33-42.<\/p>\n\n\n\n<p>[5] Naugle, R. I. (1990). Epidemiology of traumatic brain injury in adults. Traumatic Brain Injury: Mechanisms of Damage, Assessment, Intervention, and Outcome. Austin, Tex: Pro-ed, 69-103.<\/p>\n\n\n\n<p>[6] Deutsch, M. (2000). Valutazione neuropsicologica: teoria e pratica. Elsevier srl.<\/p>\n\n\n\n<p>Denise Magnago, neuropsicologa<\/p>\n","protected":false},"excerpt":{"rendered":"<p>Il trauma cranico \u00e8 definito come \u201cuna condizione clinica caratterizzata da un danno all\u2019encefalo causato da una forza fisica esterna, rapida, improvvisa e violenta che determina<span class=\"excerpt-hellip\"> [\u2026]<\/span><\/p>\n","protected":false},"author":1,"featured_media":0,"comment_status":"closed","ping_status":"closed","sticky":false,"template":"","format":"standard","meta":{"jetpack_post_was_ever_published":false,"_jetpack_newsletter_access":"","_jetpack_dont_email_post_to_subs":false,"_jetpack_newsletter_tier_id":0,"_jetpack_memberships_contains_paywalled_content":false,"_jetpack_memberships_contains_paid_content":false,"footnotes":"","jetpack_publicize_message":"","jetpack_publicize_feature_enabled":true,"jetpack_social_post_already_shared":true,"jetpack_social_options":{"image_generator_settings":{"template":"highway","default_image_id":0,"font":"","enabled":false},"version":2}},"categories":[],"tags":[],"class_list":["post-2973","post","type-post","status-publish","format-standard","hentry"],"yoast_head":"<!-- This site is optimized with the Yoast SEO plugin v26.2 - https:\/\/yoast.com\/wordpress\/plugins\/seo\/ -->\n<title>5 COSE CHE NON SAI SUI TRAUMI CRANICI - Neurotablet by Neurab<\/title>\n<meta name=\"description\" content=\"Il trauma cranico \u00e8 definito come \u201cuna condizione clinica caratterizzata da un danno all\u2019encefalo causato da una forza fisica esterna, rapida, improvvisa e violenta che determina un diminuito o alterato stato di coscienza, con coinvolgimento delle funzioni cognitive, neurosomatiche ed emotivo-comportamentali\u201d\" \/>\n<meta name=\"robots\" content=\"index, follow, max-snippet:-1, max-image-preview:large, max-video-preview:-1\" \/>\n<link rel=\"canonical\" href=\"https:\/\/www.neurotablet.com\/?p=2973\" \/>\n<meta property=\"og:locale\" content=\"it_IT\" \/>\n<meta property=\"og:type\" content=\"article\" \/>\n<meta property=\"og:title\" content=\"5 COSE CHE NON SAI SUI TRAUMI CRANICI - Neurotablet by Neurab\" \/>\n<meta property=\"og:description\" content=\"Il trauma cranico \u00e8 definito come \u201cuna condizione clinica caratterizzata da un danno all\u2019encefalo causato da una forza fisica esterna, rapida, improvvisa e violenta che determina un diminuito o alterato stato di coscienza, con coinvolgimento delle funzioni cognitive, neurosomatiche ed emotivo-comportamentali\u201d\" \/>\n<meta property=\"og:url\" content=\"https:\/\/www.neurotablet.com\/?p=2973\" \/>\n<meta property=\"og:site_name\" content=\"Neurotablet by Neurab\" \/>\n<meta property=\"article:published_time\" content=\"2020-10-20T18:48:14+00:00\" \/>\n<meta property=\"article:modified_time\" content=\"2020-10-21T12:26:25+00:00\" \/>\n<meta property=\"og:image\" content=\"http:\/\/www.neurotablet.com\/wp-content\/uploads\/2020\/10\/traumacranico-1024x673.jpg\" \/>\n<meta name=\"author\" content=\"admin\" \/>\n<meta name=\"twitter:card\" content=\"summary_large_image\" \/>\n<meta name=\"twitter:label1\" content=\"Scritto da\" \/>\n\t<meta name=\"twitter:data1\" content=\"admin\" \/>\n\t<meta name=\"twitter:label2\" content=\"Tempo di lettura stimato\" \/>\n\t<meta name=\"twitter:data2\" content=\"3 minuti\" \/>\n<script type=\"application\/ld+json\" class=\"yoast-schema-graph\">{\"@context\":\"https:\/\/schema.org\",\"@graph\":[{\"@type\":\"WebPage\",\"@id\":\"https:\/\/www.neurotablet.com\/?p=2973\",\"url\":\"https:\/\/www.neurotablet.com\/?p=2973\",\"name\":\"5 COSE CHE NON SAI SUI TRAUMI CRANICI - Neurotablet by Neurab\",\"isPartOf\":{\"@id\":\"https:\/\/www.neurotablet.com\/#website\"},\"primaryImageOfPage\":{\"@id\":\"https:\/\/www.neurotablet.com\/?p=2973#primaryimage\"},\"image\":{\"@id\":\"https:\/\/www.neurotablet.com\/?p=2973#primaryimage\"},\"thumbnailUrl\":\"http:\/\/www.neurotablet.com\/wp-content\/uploads\/2020\/10\/traumacranico-1024x673.jpg\",\"datePublished\":\"2020-10-20T18:48:14+00:00\",\"dateModified\":\"2020-10-21T12:26:25+00:00\",\"author\":{\"@id\":\"https:\/\/www.neurotablet.com\/#\/schema\/person\/37588eea76483a80ad799bb6abd2b5e7\"},\"description\":\"Il trauma cranico \u00e8 definito come \u201cuna condizione clinica caratterizzata da un danno all\u2019encefalo causato da una forza fisica esterna, rapida, improvvisa e violenta che determina un diminuito o alterato stato di coscienza, con coinvolgimento delle funzioni cognitive, neurosomatiche ed emotivo-comportamentali\u201d\",\"breadcrumb\":{\"@id\":\"https:\/\/www.neurotablet.com\/?p=2973#breadcrumb\"},\"inLanguage\":\"it-IT\",\"potentialAction\":[{\"@type\":\"ReadAction\",\"target\":[\"https:\/\/www.neurotablet.com\/?p=2973\"]}]},{\"@type\":\"ImageObject\",\"inLanguage\":\"it-IT\",\"@id\":\"https:\/\/www.neurotablet.com\/?p=2973#primaryimage\",\"url\":\"https:\/\/i0.wp.com\/www.neurotablet.com\/wp-content\/uploads\/2020\/10\/traumacranico.jpg?fit=1200%2C789&ssl=1\",\"contentUrl\":\"https:\/\/i0.wp.com\/www.neurotablet.com\/wp-content\/uploads\/2020\/10\/traumacranico.jpg?fit=1200%2C789&ssl=1\",\"width\":1200,\"height\":789},{\"@type\":\"BreadcrumbList\",\"@id\":\"https:\/\/www.neurotablet.com\/?p=2973#breadcrumb\",\"itemListElement\":[{\"@type\":\"ListItem\",\"position\":1,\"name\":\"Home\",\"item\":\"https:\/\/www.neurotablet.com\/\"},{\"@type\":\"ListItem\",\"position\":2,\"name\":\"5 COSE CHE NON SAI SUI TRAUMI CRANICI\"}]},{\"@type\":\"WebSite\",\"@id\":\"https:\/\/www.neurotablet.com\/#website\",\"url\":\"https:\/\/www.neurotablet.com\/\",\"name\":\"Neurotablet by Neurab\",\"description\":\"Il tablet per la riabilitazione a distanza\",\"potentialAction\":[{\"@type\":\"SearchAction\",\"target\":{\"@type\":\"EntryPoint\",\"urlTemplate\":\"https:\/\/www.neurotablet.com\/?s={search_term_string}\"},\"query-input\":{\"@type\":\"PropertyValueSpecification\",\"valueRequired\":true,\"valueName\":\"search_term_string\"}}],\"inLanguage\":\"it-IT\"},{\"@type\":\"Person\",\"@id\":\"https:\/\/www.neurotablet.com\/#\/schema\/person\/37588eea76483a80ad799bb6abd2b5e7\",\"name\":\"admin\",\"image\":{\"@type\":\"ImageObject\",\"inLanguage\":\"it-IT\",\"@id\":\"https:\/\/www.neurotablet.com\/#\/schema\/person\/image\/\",\"url\":\"https:\/\/secure.gravatar.com\/avatar\/e702a12059779f0e379a0bbd5debb2e661e4cfa6212fd05ac05e59e8852de9b9?s=96&d=mm&r=g\",\"contentUrl\":\"https:\/\/secure.gravatar.com\/avatar\/e702a12059779f0e379a0bbd5debb2e661e4cfa6212fd05ac05e59e8852de9b9?s=96&d=mm&r=g\",\"caption\":\"admin\"},\"url\":\"https:\/\/www.neurotablet.com\/?author=1\"}]}<\/script>\n<!-- \/ Yoast SEO plugin. -->","yoast_head_json":{"title":"5 COSE CHE NON SAI SUI TRAUMI CRANICI - Neurotablet by Neurab","description":"Il trauma cranico \u00e8 definito come \u201cuna condizione clinica caratterizzata da un danno all\u2019encefalo causato da una forza fisica esterna, rapida, improvvisa e violenta che determina un diminuito o alterato stato di coscienza, con coinvolgimento delle funzioni cognitive, neurosomatiche ed emotivo-comportamentali\u201d","robots":{"index":"index","follow":"follow","max-snippet":"max-snippet:-1","max-image-preview":"max-image-preview:large","max-video-preview":"max-video-preview:-1"},"canonical":"https:\/\/www.neurotablet.com\/?p=2973","og_locale":"it_IT","og_type":"article","og_title":"5 COSE CHE NON SAI SUI TRAUMI CRANICI - Neurotablet by Neurab","og_description":"Il trauma cranico \u00e8 definito come \u201cuna condizione clinica caratterizzata da un danno all\u2019encefalo causato da una forza fisica esterna, rapida, improvvisa e violenta che determina un diminuito o alterato stato di coscienza, con coinvolgimento delle funzioni cognitive, neurosomatiche ed emotivo-comportamentali\u201d","og_url":"https:\/\/www.neurotablet.com\/?p=2973","og_site_name":"Neurotablet by Neurab","article_published_time":"2020-10-20T18:48:14+00:00","article_modified_time":"2020-10-21T12:26:25+00:00","og_image":[{"url":"http:\/\/www.neurotablet.com\/wp-content\/uploads\/2020\/10\/traumacranico-1024x673.jpg","type":"","width":"","height":""}],"author":"admin","twitter_card":"summary_large_image","twitter_misc":{"Scritto da":"admin","Tempo di lettura stimato":"3 minuti"},"schema":{"@context":"https:\/\/schema.org","@graph":[{"@type":"WebPage","@id":"https:\/\/www.neurotablet.com\/?p=2973","url":"https:\/\/www.neurotablet.com\/?p=2973","name":"5 COSE CHE NON SAI SUI TRAUMI CRANICI - Neurotablet by Neurab","isPartOf":{"@id":"https:\/\/www.neurotablet.com\/#website"},"primaryImageOfPage":{"@id":"https:\/\/www.neurotablet.com\/?p=2973#primaryimage"},"image":{"@id":"https:\/\/www.neurotablet.com\/?p=2973#primaryimage"},"thumbnailUrl":"http:\/\/www.neurotablet.com\/wp-content\/uploads\/2020\/10\/traumacranico-1024x673.jpg","datePublished":"2020-10-20T18:48:14+00:00","dateModified":"2020-10-21T12:26:25+00:00","author":{"@id":"https:\/\/www.neurotablet.com\/#\/schema\/person\/37588eea76483a80ad799bb6abd2b5e7"},"description":"Il trauma cranico \u00e8 definito come \u201cuna condizione clinica caratterizzata da un danno all\u2019encefalo causato da una forza fisica esterna, rapida, improvvisa e violenta che determina un diminuito o alterato stato di coscienza, con coinvolgimento delle funzioni cognitive, neurosomatiche ed emotivo-comportamentali\u201d","breadcrumb":{"@id":"https:\/\/www.neurotablet.com\/?p=2973#breadcrumb"},"inLanguage":"it-IT","potentialAction":[{"@type":"ReadAction","target":["https:\/\/www.neurotablet.com\/?p=2973"]}]},{"@type":"ImageObject","inLanguage":"it-IT","@id":"https:\/\/www.neurotablet.com\/?p=2973#primaryimage","url":"https:\/\/i0.wp.com\/www.neurotablet.com\/wp-content\/uploads\/2020\/10\/traumacranico.jpg?fit=1200%2C789&ssl=1","contentUrl":"https:\/\/i0.wp.com\/www.neurotablet.com\/wp-content\/uploads\/2020\/10\/traumacranico.jpg?fit=1200%2C789&ssl=1","width":1200,"height":789},{"@type":"BreadcrumbList","@id":"https:\/\/www.neurotablet.com\/?p=2973#breadcrumb","itemListElement":[{"@type":"ListItem","position":1,"name":"Home","item":"https:\/\/www.neurotablet.com\/"},{"@type":"ListItem","position":2,"name":"5 COSE CHE NON SAI SUI TRAUMI CRANICI"}]},{"@type":"WebSite","@id":"https:\/\/www.neurotablet.com\/#website","url":"https:\/\/www.neurotablet.com\/","name":"Neurotablet by Neurab","description":"Il tablet per la riabilitazione a distanza","potentialAction":[{"@type":"SearchAction","target":{"@type":"EntryPoint","urlTemplate":"https:\/\/www.neurotablet.com\/?s={search_term_string}"},"query-input":{"@type":"PropertyValueSpecification","valueRequired":true,"valueName":"search_term_string"}}],"inLanguage":"it-IT"},{"@type":"Person","@id":"https:\/\/www.neurotablet.com\/#\/schema\/person\/37588eea76483a80ad799bb6abd2b5e7","name":"admin","image":{"@type":"ImageObject","inLanguage":"it-IT","@id":"https:\/\/www.neurotablet.com\/#\/schema\/person\/image\/","url":"https:\/\/secure.gravatar.com\/avatar\/e702a12059779f0e379a0bbd5debb2e661e4cfa6212fd05ac05e59e8852de9b9?s=96&d=mm&r=g","contentUrl":"https:\/\/secure.gravatar.com\/avatar\/e702a12059779f0e379a0bbd5debb2e661e4cfa6212fd05ac05e59e8852de9b9?s=96&d=mm&r=g","caption":"admin"},"url":"https:\/\/www.neurotablet.com\/?author=1"}]}},"jetpack_publicize_connections":[],"jetpack_featured_media_url":"","jetpack_sharing_enabled":true,"jetpack_shortlink":"https:\/\/wp.me\/p7vm2r-LX","jetpack-related-posts":[{"id":2584,"url":"https:\/\/www.neurotablet.com\/?p=2584","url_meta":{"origin":2973,"position":0},"title":"Lesioni cerebrali e deficit cognitivi acquisiti: cosa sono, come intervenire","author":"admin","date":"Novembre 24, 2017","format":false,"excerpt":"Cosa sono i deficit cognitivi acquisiti? Si tratta di disturbi che insorgono in seguito a\u00a0lesioni cerebrali di varia natura\u00a0e i sintomi variano molto in relazione al tipo di lesione. I deficit cognitivi che si incontrano possono riguardare\u00a0l\u2019attenzione, la\u00a0memoria, il\u00a0linguaggio, il\u00a0movimento, la\u00a0percezione\u00a0e le cosiddette\u00a0funzioni esecutive. Le lesioni cerebrali possono essere cos\u00ec\u2026","rel":"","context":"In &quot;News&quot;","block_context":{"text":"News","link":"https:\/\/www.neurotablet.com\/?cat=9"},"img":{"alt_text":"demenza alzheimer deficit cognitivi","src":"https:\/\/i0.wp.com\/www.neurotablet.com\/wp-content\/uploads\/2017\/11\/deficit-cognitivi.jpg?fit=1200%2C1159&ssl=1&resize=350%2C200","width":350,"height":200,"srcset":"https:\/\/i0.wp.com\/www.neurotablet.com\/wp-content\/uploads\/2017\/11\/deficit-cognitivi.jpg?fit=1200%2C1159&ssl=1&resize=350%2C200 1x, https:\/\/i0.wp.com\/www.neurotablet.com\/wp-content\/uploads\/2017\/11\/deficit-cognitivi.jpg?fit=1200%2C1159&ssl=1&resize=525%2C300 1.5x, https:\/\/i0.wp.com\/www.neurotablet.com\/wp-content\/uploads\/2017\/11\/deficit-cognitivi.jpg?fit=1200%2C1159&ssl=1&resize=700%2C400 2x, https:\/\/i0.wp.com\/www.neurotablet.com\/wp-content\/uploads\/2017\/11\/deficit-cognitivi.jpg?fit=1200%2C1159&ssl=1&resize=1050%2C600 3x"},"classes":[]},{"id":2326,"url":"https:\/\/www.neurotablet.com\/?p=2326","url_meta":{"origin":2973,"position":1},"title":"Il Neurotablet","author":"admin","date":"Giugno 14, 2016","format":false,"excerpt":"Le lesioni neurocognitive sono la conseguenza di danni al cervello: la particolarit\u00e0 di queste lesioni \u00e8 che anche se anche a volte la persona appare sana da fuori, in realt\u00e0 pu\u00f2 avere problemi nel comportamento e nella comprensione. Solitamente questi danni sono causati da ictus, ischemie oppure traumi cranici, ma\u2026","rel":"","context":"Articolo simile","block_context":{"text":"Articolo simile","link":""},"img":{"alt_text":"","src":"https:\/\/i0.wp.com\/www.neurotablet.com\/wp-content\/uploads\/2015\/10\/neurotabletprova.png?fit=1200%2C489&ssl=1&resize=350%2C200","width":350,"height":200,"srcset":"https:\/\/i0.wp.com\/www.neurotablet.com\/wp-content\/uploads\/2015\/10\/neurotabletprova.png?fit=1200%2C489&ssl=1&resize=350%2C200 1x, https:\/\/i0.wp.com\/www.neurotablet.com\/wp-content\/uploads\/2015\/10\/neurotabletprova.png?fit=1200%2C489&ssl=1&resize=525%2C300 1.5x, https:\/\/i0.wp.com\/www.neurotablet.com\/wp-content\/uploads\/2015\/10\/neurotabletprova.png?fit=1200%2C489&ssl=1&resize=700%2C400 2x, https:\/\/i0.wp.com\/www.neurotablet.com\/wp-content\/uploads\/2015\/10\/neurotabletprova.png?fit=1200%2C489&ssl=1&resize=1050%2C600 3x"},"classes":[]},{"id":2685,"url":"https:\/\/www.neurotablet.com\/?p=2685","url_meta":{"origin":2973,"position":2},"title":"La neuroriabilitazione con il software del Neurotablet","author":"admin","date":"Febbraio 19, 2019","format":false,"excerpt":"La riabilitazione neuropsicologica avviene spesso ancora con l'utilizzo di esercizi su carta e penna. Ecco perch\u00e9 il software del Neurotablet presenta numerosi vantaggi per il terapeuta e il paziente. I pazienti neurologici Ogni anno, in Italia, ci sono 900 mila nuovi casi di ictus, e quasi 1.200.000 traumi cranici. Contando\u2026","rel":"","context":"In &quot;News&quot;","block_context":{"text":"News","link":"https:\/\/www.neurotablet.com\/?cat=9"},"img":{"alt_text":"neurotablet software neuroriabilitazione","src":"https:\/\/i0.wp.com\/www.neurotablet.com\/wp-content\/uploads\/2017\/01\/Percorsi-terapeutici.jpg?fit=1200%2C750&ssl=1&resize=350%2C200","width":350,"height":200,"srcset":"https:\/\/i0.wp.com\/www.neurotablet.com\/wp-content\/uploads\/2017\/01\/Percorsi-terapeutici.jpg?fit=1200%2C750&ssl=1&resize=350%2C200 1x, https:\/\/i0.wp.com\/www.neurotablet.com\/wp-content\/uploads\/2017\/01\/Percorsi-terapeutici.jpg?fit=1200%2C750&ssl=1&resize=525%2C300 1.5x, https:\/\/i0.wp.com\/www.neurotablet.com\/wp-content\/uploads\/2017\/01\/Percorsi-terapeutici.jpg?fit=1200%2C750&ssl=1&resize=700%2C400 2x, https:\/\/i0.wp.com\/www.neurotablet.com\/wp-content\/uploads\/2017\/01\/Percorsi-terapeutici.jpg?fit=1200%2C750&ssl=1&resize=1050%2C600 3x"},"classes":[]},{"id":2877,"url":"https:\/\/www.neurotablet.com\/?p=2877","url_meta":{"origin":2973,"position":3},"title":"LA TELEMEDICINA PER FAR FRONTE ALL\u2019EMERGENZA CORONAVIRUS","author":"admin","date":"Marzo 24, 2020","format":false,"excerpt":"Stiamo vivendo un periodo di emergenza che sta mettendo a dura prova il nostro intero mondo: sociale, sanitario, economico, psicologico. La nostra quotidianit\u00e0 \u00e8 completamente cambiata nelle ultime 2 settimane, le nostre libert\u00e0 sono state limitate, le nostre attivit\u00e0 come palestra, corsi, lezioni annullate\u2026 Questa situazione ha messo in difficolt\u00e0\u2026","rel":"","context":"In &quot;News&quot;","block_context":{"text":"News","link":"https:\/\/www.neurotablet.com\/?cat=9"},"img":{"alt_text":"","src":"https:\/\/i0.wp.com\/www.neurotablet.com\/wp-content\/uploads\/2015\/10\/neurotabletprova.png?fit=1200%2C489&ssl=1&resize=350%2C200","width":350,"height":200,"srcset":"https:\/\/i0.wp.com\/www.neurotablet.com\/wp-content\/uploads\/2015\/10\/neurotabletprova.png?fit=1200%2C489&ssl=1&resize=350%2C200 1x, https:\/\/i0.wp.com\/www.neurotablet.com\/wp-content\/uploads\/2015\/10\/neurotabletprova.png?fit=1200%2C489&ssl=1&resize=525%2C300 1.5x, https:\/\/i0.wp.com\/www.neurotablet.com\/wp-content\/uploads\/2015\/10\/neurotabletprova.png?fit=1200%2C489&ssl=1&resize=700%2C400 2x, https:\/\/i0.wp.com\/www.neurotablet.com\/wp-content\/uploads\/2015\/10\/neurotabletprova.png?fit=1200%2C489&ssl=1&resize=1050%2C600 3x"},"classes":[]},{"id":2908,"url":"https:\/\/www.neurotablet.com\/?p=2908","url_meta":{"origin":2973,"position":4},"title":"Coronavirus: gli impatti sui pazienti neurologici","author":"admin","date":"Maggio 6, 2020","format":false,"excerpt":"Nonostante il periodo di \"lockdown\" vero e proprio sia terminato, questo periodo di emergenza sta ancora mettendo a dura prova il nostro intero mondo: sociale, sanitario, economico, psicologico. Questa situazione ha messo in seria difficolt\u00e0 tutto il settore sanitario, non solo in termini di assistenza delle persone ammalate di Coronavirus\u2026","rel":"","context":"In &quot;News&quot;","block_context":{"text":"News","link":"https:\/\/www.neurotablet.com\/?cat=9"},"img":{"alt_text":"","src":"https:\/\/i0.wp.com\/www.neurotablet.com\/wp-content\/uploads\/2018\/07\/Alzheimer.jpg?fit=1200%2C790&ssl=1&resize=350%2C200","width":350,"height":200,"srcset":"https:\/\/i0.wp.com\/www.neurotablet.com\/wp-content\/uploads\/2018\/07\/Alzheimer.jpg?fit=1200%2C790&ssl=1&resize=350%2C200 1x, https:\/\/i0.wp.com\/www.neurotablet.com\/wp-content\/uploads\/2018\/07\/Alzheimer.jpg?fit=1200%2C790&ssl=1&resize=525%2C300 1.5x, https:\/\/i0.wp.com\/www.neurotablet.com\/wp-content\/uploads\/2018\/07\/Alzheimer.jpg?fit=1200%2C790&ssl=1&resize=700%2C400 2x, https:\/\/i0.wp.com\/www.neurotablet.com\/wp-content\/uploads\/2018\/07\/Alzheimer.jpg?fit=1200%2C790&ssl=1&resize=1050%2C600 3x"},"classes":[]},{"id":3080,"url":"https:\/\/www.neurotablet.com\/?p=3080","url_meta":{"origin":2973,"position":5},"title":"NEUROTRAX E NEUROTABLET: LA TECNOLOGIA AL SERVIZIO DEI PAZIENTI","author":"admin","date":"Giugno 3, 2021","format":false,"excerpt":"Oggi la tecnologia fa parte della vita lavorativa di medici e neuropsicologi che si affidano sempre di pi\u00f9 a strumenti che facilitano le loro attivit\u00e0. Tali dispositivi possono garantire misurazioni delle prestazioni pi\u00f9 precise e incrementano l\u2019adesione del paziente al trattamento. L\u2019iter del paziente neurologico I pazienti con lesione cerebrale\u2026","rel":"","context":"Articolo simile","block_context":{"text":"Articolo simile","link":""},"img":{"alt_text":"","src":"https:\/\/i0.wp.com\/www.neurotablet.com\/wp-content\/uploads\/2018\/01\/cervello-ingranaggi-copia.jpg?fit=1200%2C882&ssl=1&resize=350%2C200","width":350,"height":200,"srcset":"https:\/\/i0.wp.com\/www.neurotablet.com\/wp-content\/uploads\/2018\/01\/cervello-ingranaggi-copia.jpg?fit=1200%2C882&ssl=1&resize=350%2C200 1x, https:\/\/i0.wp.com\/www.neurotablet.com\/wp-content\/uploads\/2018\/01\/cervello-ingranaggi-copia.jpg?fit=1200%2C882&ssl=1&resize=525%2C300 1.5x, https:\/\/i0.wp.com\/www.neurotablet.com\/wp-content\/uploads\/2018\/01\/cervello-ingranaggi-copia.jpg?fit=1200%2C882&ssl=1&resize=700%2C400 2x, https:\/\/i0.wp.com\/www.neurotablet.com\/wp-content\/uploads\/2018\/01\/cervello-ingranaggi-copia.jpg?fit=1200%2C882&ssl=1&resize=1050%2C600 3x"},"classes":[]}],"_links":{"self":[{"href":"https:\/\/www.neurotablet.com\/index.php?rest_route=\/wp\/v2\/posts\/2973","targetHints":{"allow":["GET"]}}],"collection":[{"href":"https:\/\/www.neurotablet.com\/index.php?rest_route=\/wp\/v2\/posts"}],"about":[{"href":"https:\/\/www.neurotablet.com\/index.php?rest_route=\/wp\/v2\/types\/post"}],"author":[{"embeddable":true,"href":"https:\/\/www.neurotablet.com\/index.php?rest_route=\/wp\/v2\/users\/1"}],"replies":[{"embeddable":true,"href":"https:\/\/www.neurotablet.com\/index.php?rest_route=%2Fwp%2Fv2%2Fcomments&post=2973"}],"version-history":[{"count":4,"href":"https:\/\/www.neurotablet.com\/index.php?rest_route=\/wp\/v2\/posts\/2973\/revisions"}],"predecessor-version":[{"id":2978,"href":"https:\/\/www.neurotablet.com\/index.php?rest_route=\/wp\/v2\/posts\/2973\/revisions\/2978"}],"wp:attachment":[{"href":"https:\/\/www.neurotablet.com\/index.php?rest_route=%2Fwp%2Fv2%2Fmedia&parent=2973"}],"wp:term":[{"taxonomy":"category","embeddable":true,"href":"https:\/\/www.neurotablet.com\/index.php?rest_route=%2Fwp%2Fv2%2Fcategories&post=2973"},{"taxonomy":"post_tag","embeddable":true,"href":"https:\/\/www.neurotablet.com\/index.php?rest_route=%2Fwp%2Fv2%2Ftags&post=2973"}],"curies":[{"name":"wp","href":"https:\/\/api.w.org\/{rel}","templated":true}]}}