{"id":2979,"date":"2020-10-21T14:41:57","date_gmt":"2020-10-21T14:41:57","guid":{"rendered":"http:\/\/www.neurotablet.com\/?p=2979"},"modified":"2020-10-21T14:42:00","modified_gmt":"2020-10-21T14:42:00","slug":"danni-neurologici-da-covid-19-il-caso-di-l-a","status":"publish","type":"post","link":"https:\/\/www.neurotablet.com\/?p=2979","title":{"rendered":"DANNI NEUROLOGICI DA COVID 19: IL CASO DI L.A."},"content":{"rendered":"\n<figure class=\"wp-block-image size-large\"><img data-recalc-dims=\"1\" fetchpriority=\"high\" decoding=\"async\" width=\"1024\" height=\"682\" data-attachment-id=\"2980\" data-permalink=\"https:\/\/www.neurotablet.com\/?attachment_id=2980\" data-orig-file=\"https:\/\/i0.wp.com\/www.neurotablet.com\/wp-content\/uploads\/2020\/10\/covid.jpg?fit=1280%2C853&amp;ssl=1\" data-orig-size=\"1280,853\" data-comments-opened=\"0\" data-image-meta=\"{&quot;aperture&quot;:&quot;0&quot;,&quot;credit&quot;:&quot;&quot;,&quot;camera&quot;:&quot;&quot;,&quot;caption&quot;:&quot;&quot;,&quot;created_timestamp&quot;:&quot;0&quot;,&quot;copyright&quot;:&quot;&quot;,&quot;focal_length&quot;:&quot;0&quot;,&quot;iso&quot;:&quot;0&quot;,&quot;shutter_speed&quot;:&quot;0&quot;,&quot;title&quot;:&quot;&quot;,&quot;orientation&quot;:&quot;0&quot;}\" data-image-title=\"covid\" data-image-description=\"\" data-image-caption=\"\" data-medium-file=\"https:\/\/i0.wp.com\/www.neurotablet.com\/wp-content\/uploads\/2020\/10\/covid.jpg?fit=300%2C200&amp;ssl=1\" data-large-file=\"https:\/\/i0.wp.com\/www.neurotablet.com\/wp-content\/uploads\/2020\/10\/covid.jpg?fit=1024%2C682&amp;ssl=1\" src=\"https:\/\/i0.wp.com\/www.neurotablet.com\/wp-content\/uploads\/2020\/10\/covid.jpg?resize=1024%2C682\" alt=\"\" class=\"wp-image-2980\" srcset=\"https:\/\/i0.wp.com\/www.neurotablet.com\/wp-content\/uploads\/2020\/10\/covid.jpg?resize=1024%2C682&amp;ssl=1 1024w, https:\/\/i0.wp.com\/www.neurotablet.com\/wp-content\/uploads\/2020\/10\/covid.jpg?resize=300%2C200&amp;ssl=1 300w, https:\/\/i0.wp.com\/www.neurotablet.com\/wp-content\/uploads\/2020\/10\/covid.jpg?resize=768%2C512&amp;ssl=1 768w, https:\/\/i0.wp.com\/www.neurotablet.com\/wp-content\/uploads\/2020\/10\/covid.jpg?resize=219%2C146&amp;ssl=1 219w, https:\/\/i0.wp.com\/www.neurotablet.com\/wp-content\/uploads\/2020\/10\/covid.jpg?resize=50%2C33&amp;ssl=1 50w, https:\/\/i0.wp.com\/www.neurotablet.com\/wp-content\/uploads\/2020\/10\/covid.jpg?resize=113%2C75&amp;ssl=1 113w, https:\/\/i0.wp.com\/www.neurotablet.com\/wp-content\/uploads\/2020\/10\/covid.jpg?w=1280&amp;ssl=1 1280w\" sizes=\"(max-width: 1024px) 100vw, 1024px\" \/><\/figure>\n\n\n\n<p class=\"has-text-align-justify\">In letteratura stanno incrementando sempre pi\u00f9 gli studi che sottolineano il ruolo del nuovo Coronavirus nell\u2019insorgenza di danni cerebrali. Ne abbiamo parlato anche in un <a href=\"Neurocovid: Aspetti neurologici e neuropsicologici dell\u2019infezione da Covid-19\">precedente articolo<\/a>\u00a0 dove avevamo messo in evidenza quanto il Coronavirus abbia delle conseguenze non solo polmonari e cardiologiche, ma anche sul cervello, sugli aspetti cognitivi, emotivi e comportamentali, tanto da parlare di <span class=\"has-inline-color has-pale-cyan-blue-color\">\u201c<strong>Neurocovid<\/strong>\u201d<\/span>: infatti un numero significativo di pazienti dimessi dalla terapia intensiva presenta <strong><span class=\"has-inline-color has-pale-cyan-blue-color\">danni cerebrovascolari permanenti<\/span><\/strong> [1,2].<\/p>\n\n\n\n<p class=\"has-text-align-justify\">I disturbi includono infiammazione cerebrale, iposmia (diminuita capacit\u00e0 di percepire gli odori), ipogeusia (diminuzione del senso del gusto), sindrome di Guillain-Barr\u00e9 e ictus, ma sono stati descritti anche confusione, agitazione, segni di demenza e segni psicotici dopo il COVID-19 [3, 4].<\/p>\n\n\n\n<p class=\"has-text-align-left\"><strong><span class=\"has-inline-color has-pale-cyan-blue-color\">IL CASO L.A.<\/span><\/strong><\/p>\n\n\n\n<p class=\"has-text-align-justify\">A questi dati si aggiunge anche un nuovo studio pubblicato su <em>Neurological Sciences<\/em> del Prof. Konstantinos Priftis del Dipartimento di Psicologia Generale dell&#8217;Universit\u00e0 di Padova [5], il quale ipotizza che l\u2019infezione da SARS-CoV-2 possa provocare l\u2019insorgenza di <strong><span class=\"has-inline-color has-pale-cyan-blue-color\">ictus ischemici e disturbi neuropsicologici altamente focali<\/span><\/strong>, come agrafia e afasia di conduzione.<\/p>\n\n\n\n<p class=\"has-text-align-justify\">I ricercatori hanno studiato il caso di LA, un paziente che \u00e8 giunto in pronto soccorso con segni di afasia e agitazione comportamentale. Agli esami clinico-diagnostici sono emersi sia lievi segni polmonari sia la presenza di anticorpi per la SARS-CoV-2. In seguito ad esami cerebrali pi\u00f9 approfonditi \u00e8 emerso un \u201c<em>ictus ischemico dell&#8217;arteria cerebrale media probabilmente a causa di processi trombofili, probabilmente suscitato da SARS-CoV-2<\/em>\u201d. La valutazione neuropsicologica successiva a cui \u00e8 stato sottoposto il paziente ha evidenziato deficit focali, ovvero segni di afasia di conduzione con gravi deficit nella ripetizione orale delle frasi pronunciate, e agrafia; tutte le altre funzioni cognitive invece apparivano intatte. Tali deficit erano compatibili con la presenza di una lesione temporo-parieto-insulare rilevata agli esami diagnostici.<\/p>\n\n\n\n<p class=\"has-text-align-justify\">Gli autori chiedono particolare cautela nell\u2019affermare una relazione di causa-effetto tra il COVID 19 e l\u2019ictus, relazione sospetta ma non direttamente dimostrata in questo studio. Tuttavia suggeriscono che lo stroke potrebbe essere stato provocato dalla SARS-CoV-2 sulla base di diverse ragioni, fra cui l\u2019assenza di fattori di rischio e la storia clinica non significativa di LA.<\/p>\n\n\n\n<p class=\"has-text-align-justify\">Da questo studio risulta evidente quanto sia fondamentale una<span class=\"has-inline-color has-pale-cyan-blue-color\"> <strong>valutazione neuropsicologica approfondita nei pazienti affetti dal nuovo Coronavirus<\/strong><\/span>, in modo da rilevare il pi\u00f9 specificatamente possibile eventuali difficolt\u00e0 cognitive: infatti i pazienti potrebbero mostrare non solo segni neurocognitivi e comportamentali diffusi\u00a0 (confusione, agitazione, psicosi), ma anche disturbi specifici e focali come quelli presentati dal paziente LA.<\/p>\n\n\n\n<p><strong>Fonti:<\/strong><\/p>\n\n\n\n<ol class=\"wp-block-list\" type=\"1\"><li>Li, Y., Wang, M., Zhou, Y., Chang, J., Xian, Y., Mao, L., &#8230; &amp; Li, M. (2020). Acute cerebrovascular disease following COVID-19: a single center, retrospective, observational study. <em>Stroke and Vascular Neurology, 5<\/em>(3): 279\u2013284.<\/li><li>Padovani, A. Special Report COVID-19: Neurologists adapt in Northern Italy; EANpages 2020.<\/li><li>Paterson, R. W., Brown, R. L., Benjamin, L., Nortley, R., Wiethoff, S., Bharucha, T., &#8230; &amp; Vivekanandam, V. (2020). The emerging spectrum of COVID-19 neurology: clinical, radiological and laboratory findings. <em>Brain<\/em>.<\/li><li>Varatharaj, A., Thomas, N., Ellul, M. A., Davies, N. W., Pollak, T. A., Tenorio, E. L., &#8230; &amp; Coles, J. P. (2020). Neurological and neuropsychiatric complications of COVID-19 in 153 patients: a UK-wide surveillance study. <em>The Lancet Psychiatry<\/em>, <em>7<\/em>(10), 875-882.<\/li><li>Priftis, K., Algeri, L., Villella, S., &amp; Spada, M. S. (2020). COVID-19 presenting with agraphia and conduction aphasia in a patient with left-hemisphere ischemic stroke. <em>Neurological Sciences<\/em>, 1-4.<\/li><\/ol>\n\n\n\n<p><strong>Dott.ssa Denise Magnago,<\/strong> <strong>neuropsicologa<\/strong><\/p>\n","protected":false},"excerpt":{"rendered":"<p>In letteratura stanno incrementando sempre pi\u00f9 gli studi che sottolineano il ruolo del nuovo Coronavirus nell\u2019insorgenza di danni cerebrali. Ne abbiamo parlato anche in un precedente<span class=\"excerpt-hellip\"> [\u2026]<\/span><\/p>\n","protected":false},"author":1,"featured_media":0,"comment_status":"closed","ping_status":"closed","sticky":false,"template":"","format":"standard","meta":{"jetpack_post_was_ever_published":false,"_jetpack_newsletter_access":"","_jetpack_dont_email_post_to_subs":false,"_jetpack_newsletter_tier_id":0,"_jetpack_memberships_contains_paywalled_content":false,"_jetpack_memberships_contains_paid_content":false,"footnotes":"","jetpack_publicize_message":"","jetpack_publicize_feature_enabled":true,"jetpack_social_post_already_shared":true,"jetpack_social_options":{"image_generator_settings":{"template":"highway","default_image_id":0,"font":"","enabled":false},"version":2}},"categories":[],"tags":[],"class_list":["post-2979","post","type-post","status-publish","format-standard","hentry"],"yoast_head":"<!-- This site is optimized with the Yoast SEO plugin v26.2 - https:\/\/yoast.com\/wordpress\/plugins\/seo\/ -->\n<title>DANNI NEUROLOGICI DA COVID 19: IL CASO DI L.A. - Neurotablet by Neurab<\/title>\n<meta name=\"robots\" content=\"index, follow, max-snippet:-1, max-image-preview:large, max-video-preview:-1\" \/>\n<link rel=\"canonical\" href=\"https:\/\/www.neurotablet.com\/?p=2979\" \/>\n<meta property=\"og:locale\" content=\"it_IT\" \/>\n<meta property=\"og:type\" content=\"article\" \/>\n<meta property=\"og:title\" content=\"DANNI NEUROLOGICI DA COVID 19: IL CASO DI L.A. - Neurotablet by Neurab\" \/>\n<meta property=\"og:description\" content=\"In letteratura stanno incrementando sempre pi\u00f9 gli studi che sottolineano il ruolo del nuovo Coronavirus nell\u2019insorgenza di danni cerebrali. Ne abbiamo parlato anche in un precedente [\u2026]\" \/>\n<meta property=\"og:url\" content=\"https:\/\/www.neurotablet.com\/?p=2979\" \/>\n<meta property=\"og:site_name\" content=\"Neurotablet by Neurab\" \/>\n<meta property=\"article:published_time\" content=\"2020-10-21T14:41:57+00:00\" \/>\n<meta property=\"article:modified_time\" content=\"2020-10-21T14:42:00+00:00\" \/>\n<meta property=\"og:image\" content=\"http:\/\/www.neurotablet.com\/wp-content\/uploads\/2020\/10\/covid-1024x682.jpg\" \/>\n<meta name=\"author\" content=\"admin\" \/>\n<meta name=\"twitter:card\" content=\"summary_large_image\" \/>\n<meta name=\"twitter:label1\" content=\"Scritto da\" \/>\n\t<meta name=\"twitter:data1\" content=\"admin\" \/>\n\t<meta name=\"twitter:label2\" content=\"Tempo di lettura stimato\" \/>\n\t<meta name=\"twitter:data2\" content=\"3 minuti\" \/>\n<script type=\"application\/ld+json\" class=\"yoast-schema-graph\">{\"@context\":\"https:\/\/schema.org\",\"@graph\":[{\"@type\":\"WebPage\",\"@id\":\"https:\/\/www.neurotablet.com\/?p=2979\",\"url\":\"https:\/\/www.neurotablet.com\/?p=2979\",\"name\":\"DANNI NEUROLOGICI DA COVID 19: IL CASO DI L.A. - Neurotablet by Neurab\",\"isPartOf\":{\"@id\":\"https:\/\/www.neurotablet.com\/#website\"},\"primaryImageOfPage\":{\"@id\":\"https:\/\/www.neurotablet.com\/?p=2979#primaryimage\"},\"image\":{\"@id\":\"https:\/\/www.neurotablet.com\/?p=2979#primaryimage\"},\"thumbnailUrl\":\"http:\/\/www.neurotablet.com\/wp-content\/uploads\/2020\/10\/covid-1024x682.jpg\",\"datePublished\":\"2020-10-21T14:41:57+00:00\",\"dateModified\":\"2020-10-21T14:42:00+00:00\",\"author\":{\"@id\":\"https:\/\/www.neurotablet.com\/#\/schema\/person\/37588eea76483a80ad799bb6abd2b5e7\"},\"breadcrumb\":{\"@id\":\"https:\/\/www.neurotablet.com\/?p=2979#breadcrumb\"},\"inLanguage\":\"it-IT\",\"potentialAction\":[{\"@type\":\"ReadAction\",\"target\":[\"https:\/\/www.neurotablet.com\/?p=2979\"]}]},{\"@type\":\"ImageObject\",\"inLanguage\":\"it-IT\",\"@id\":\"https:\/\/www.neurotablet.com\/?p=2979#primaryimage\",\"url\":\"https:\/\/i0.wp.com\/www.neurotablet.com\/wp-content\/uploads\/2020\/10\/covid.jpg?fit=1280%2C853&ssl=1\",\"contentUrl\":\"https:\/\/i0.wp.com\/www.neurotablet.com\/wp-content\/uploads\/2020\/10\/covid.jpg?fit=1280%2C853&ssl=1\",\"width\":1280,\"height\":853},{\"@type\":\"BreadcrumbList\",\"@id\":\"https:\/\/www.neurotablet.com\/?p=2979#breadcrumb\",\"itemListElement\":[{\"@type\":\"ListItem\",\"position\":1,\"name\":\"Home\",\"item\":\"https:\/\/www.neurotablet.com\/\"},{\"@type\":\"ListItem\",\"position\":2,\"name\":\"DANNI NEUROLOGICI DA COVID 19: IL CASO DI L.A.\"}]},{\"@type\":\"WebSite\",\"@id\":\"https:\/\/www.neurotablet.com\/#website\",\"url\":\"https:\/\/www.neurotablet.com\/\",\"name\":\"Neurotablet by Neurab\",\"description\":\"Il tablet per la riabilitazione a distanza\",\"potentialAction\":[{\"@type\":\"SearchAction\",\"target\":{\"@type\":\"EntryPoint\",\"urlTemplate\":\"https:\/\/www.neurotablet.com\/?s={search_term_string}\"},\"query-input\":{\"@type\":\"PropertyValueSpecification\",\"valueRequired\":true,\"valueName\":\"search_term_string\"}}],\"inLanguage\":\"it-IT\"},{\"@type\":\"Person\",\"@id\":\"https:\/\/www.neurotablet.com\/#\/schema\/person\/37588eea76483a80ad799bb6abd2b5e7\",\"name\":\"admin\",\"image\":{\"@type\":\"ImageObject\",\"inLanguage\":\"it-IT\",\"@id\":\"https:\/\/www.neurotablet.com\/#\/schema\/person\/image\/\",\"url\":\"https:\/\/secure.gravatar.com\/avatar\/e702a12059779f0e379a0bbd5debb2e661e4cfa6212fd05ac05e59e8852de9b9?s=96&d=mm&r=g\",\"contentUrl\":\"https:\/\/secure.gravatar.com\/avatar\/e702a12059779f0e379a0bbd5debb2e661e4cfa6212fd05ac05e59e8852de9b9?s=96&d=mm&r=g\",\"caption\":\"admin\"},\"url\":\"https:\/\/www.neurotablet.com\/?author=1\"}]}<\/script>\n<!-- \/ Yoast SEO plugin. -->","yoast_head_json":{"title":"DANNI NEUROLOGICI DA COVID 19: IL CASO DI L.A. - Neurotablet by Neurab","robots":{"index":"index","follow":"follow","max-snippet":"max-snippet:-1","max-image-preview":"max-image-preview:large","max-video-preview":"max-video-preview:-1"},"canonical":"https:\/\/www.neurotablet.com\/?p=2979","og_locale":"it_IT","og_type":"article","og_title":"DANNI NEUROLOGICI DA COVID 19: IL CASO DI L.A. - Neurotablet by Neurab","og_description":"In letteratura stanno incrementando sempre pi\u00f9 gli studi che sottolineano il ruolo del nuovo Coronavirus nell\u2019insorgenza di danni cerebrali. Ne abbiamo parlato anche in un precedente [\u2026]","og_url":"https:\/\/www.neurotablet.com\/?p=2979","og_site_name":"Neurotablet by Neurab","article_published_time":"2020-10-21T14:41:57+00:00","article_modified_time":"2020-10-21T14:42:00+00:00","og_image":[{"url":"http:\/\/www.neurotablet.com\/wp-content\/uploads\/2020\/10\/covid-1024x682.jpg","type":"","width":"","height":""}],"author":"admin","twitter_card":"summary_large_image","twitter_misc":{"Scritto da":"admin","Tempo di lettura stimato":"3 minuti"},"schema":{"@context":"https:\/\/schema.org","@graph":[{"@type":"WebPage","@id":"https:\/\/www.neurotablet.com\/?p=2979","url":"https:\/\/www.neurotablet.com\/?p=2979","name":"DANNI NEUROLOGICI DA COVID 19: IL CASO DI L.A. - Neurotablet by Neurab","isPartOf":{"@id":"https:\/\/www.neurotablet.com\/#website"},"primaryImageOfPage":{"@id":"https:\/\/www.neurotablet.com\/?p=2979#primaryimage"},"image":{"@id":"https:\/\/www.neurotablet.com\/?p=2979#primaryimage"},"thumbnailUrl":"http:\/\/www.neurotablet.com\/wp-content\/uploads\/2020\/10\/covid-1024x682.jpg","datePublished":"2020-10-21T14:41:57+00:00","dateModified":"2020-10-21T14:42:00+00:00","author":{"@id":"https:\/\/www.neurotablet.com\/#\/schema\/person\/37588eea76483a80ad799bb6abd2b5e7"},"breadcrumb":{"@id":"https:\/\/www.neurotablet.com\/?p=2979#breadcrumb"},"inLanguage":"it-IT","potentialAction":[{"@type":"ReadAction","target":["https:\/\/www.neurotablet.com\/?p=2979"]}]},{"@type":"ImageObject","inLanguage":"it-IT","@id":"https:\/\/www.neurotablet.com\/?p=2979#primaryimage","url":"https:\/\/i0.wp.com\/www.neurotablet.com\/wp-content\/uploads\/2020\/10\/covid.jpg?fit=1280%2C853&ssl=1","contentUrl":"https:\/\/i0.wp.com\/www.neurotablet.com\/wp-content\/uploads\/2020\/10\/covid.jpg?fit=1280%2C853&ssl=1","width":1280,"height":853},{"@type":"BreadcrumbList","@id":"https:\/\/www.neurotablet.com\/?p=2979#breadcrumb","itemListElement":[{"@type":"ListItem","position":1,"name":"Home","item":"https:\/\/www.neurotablet.com\/"},{"@type":"ListItem","position":2,"name":"DANNI NEUROLOGICI DA COVID 19: IL CASO DI L.A."}]},{"@type":"WebSite","@id":"https:\/\/www.neurotablet.com\/#website","url":"https:\/\/www.neurotablet.com\/","name":"Neurotablet by Neurab","description":"Il tablet per la riabilitazione a distanza","potentialAction":[{"@type":"SearchAction","target":{"@type":"EntryPoint","urlTemplate":"https:\/\/www.neurotablet.com\/?s={search_term_string}"},"query-input":{"@type":"PropertyValueSpecification","valueRequired":true,"valueName":"search_term_string"}}],"inLanguage":"it-IT"},{"@type":"Person","@id":"https:\/\/www.neurotablet.com\/#\/schema\/person\/37588eea76483a80ad799bb6abd2b5e7","name":"admin","image":{"@type":"ImageObject","inLanguage":"it-IT","@id":"https:\/\/www.neurotablet.com\/#\/schema\/person\/image\/","url":"https:\/\/secure.gravatar.com\/avatar\/e702a12059779f0e379a0bbd5debb2e661e4cfa6212fd05ac05e59e8852de9b9?s=96&d=mm&r=g","contentUrl":"https:\/\/secure.gravatar.com\/avatar\/e702a12059779f0e379a0bbd5debb2e661e4cfa6212fd05ac05e59e8852de9b9?s=96&d=mm&r=g","caption":"admin"},"url":"https:\/\/www.neurotablet.com\/?author=1"}]}},"jetpack_publicize_connections":[],"jetpack_featured_media_url":"","jetpack_sharing_enabled":true,"jetpack_shortlink":"https:\/\/wp.me\/p7vm2r-M3","jetpack-related-posts":[{"id":2921,"url":"https:\/\/www.neurotablet.com\/?p=2921","url_meta":{"origin":2979,"position":0},"title":"Neurocovid: Aspetti neurologici e neuropsicologici dell&#8217;infezione da Covid-19","author":"admin","date":"Giugno 9, 2020","format":false,"excerpt":"Non solo danni polmonari: si \u00e8 osservato che il nuovo Coronavirus ha un impatto anche sul cervello, sugli aspetti cognitivi, emotivi e comportamentali, tanto che si parla di \"Neurocovid\". Una prima analisi per riflettere sulla situazione attuale e sul futuro\u00a0 Grazie alla fine, in questo periodo, della \u201cfase emergenziale Covid-19\u201d\u2026","rel":"","context":"In &quot;News&quot;","block_context":{"text":"News","link":"https:\/\/www.neurotablet.com\/?cat=9"},"img":{"alt_text":"","src":"https:\/\/i0.wp.com\/www.neurotablet.com\/wp-content\/uploads\/2020\/06\/neurocovid.jpg?fit=800%2C450&ssl=1&resize=350%2C200","width":350,"height":200,"srcset":"https:\/\/i0.wp.com\/www.neurotablet.com\/wp-content\/uploads\/2020\/06\/neurocovid.jpg?fit=800%2C450&ssl=1&resize=350%2C200 1x, https:\/\/i0.wp.com\/www.neurotablet.com\/wp-content\/uploads\/2020\/06\/neurocovid.jpg?fit=800%2C450&ssl=1&resize=525%2C300 1.5x, https:\/\/i0.wp.com\/www.neurotablet.com\/wp-content\/uploads\/2020\/06\/neurocovid.jpg?fit=800%2C450&ssl=1&resize=700%2C400 2x"},"classes":[]},{"id":3091,"url":"https:\/\/www.neurotablet.com\/?p=3091","url_meta":{"origin":2979,"position":1},"title":"CORONAVIRUS: COME ARRIVA NEL CERVELLO?","author":"admin","date":"Agosto 11, 2021","format":false,"excerpt":"Sappiamo ormai che il Coronavirus ha\u00a0conseguenze\u00a0non solo polmonari e cardiologiche, ma anche\u00a0cerebrali (ne abbiamo parlato qui), cognitive, emotive e comportamentali. Anche dopo la guarigione un certo numero di pazienti manifesta reazioni neurologiche come stato confusionale, vertigini, mal di testa, perdita dell\u2019olfatto e del gusto, fino addirittura a conseguenze pi\u00f9 complesse\u2026","rel":"","context":"In &quot;News&quot;","block_context":{"text":"News","link":"https:\/\/www.neurotablet.com\/?cat=9"},"img":{"alt_text":"","src":"https:\/\/i0.wp.com\/www.neurotablet.com\/wp-content\/uploads\/2021\/08\/coronavirus-scaled.jpg?fit=1200%2C675&ssl=1&resize=350%2C200","width":350,"height":200,"srcset":"https:\/\/i0.wp.com\/www.neurotablet.com\/wp-content\/uploads\/2021\/08\/coronavirus-scaled.jpg?fit=1200%2C675&ssl=1&resize=350%2C200 1x, https:\/\/i0.wp.com\/www.neurotablet.com\/wp-content\/uploads\/2021\/08\/coronavirus-scaled.jpg?fit=1200%2C675&ssl=1&resize=525%2C300 1.5x, https:\/\/i0.wp.com\/www.neurotablet.com\/wp-content\/uploads\/2021\/08\/coronavirus-scaled.jpg?fit=1200%2C675&ssl=1&resize=700%2C400 2x, https:\/\/i0.wp.com\/www.neurotablet.com\/wp-content\/uploads\/2021\/08\/coronavirus-scaled.jpg?fit=1200%2C675&ssl=1&resize=1050%2C600 3x"},"classes":[]},{"id":3028,"url":"https:\/\/www.neurotablet.com\/?p=3028","url_meta":{"origin":2979,"position":2},"title":"PERCH\u00c8 IL COVID AUMENTA IL RISCHIO DI ICTUS: I PRIMI RISULTATI","author":"admin","date":"Gennaio 14, 2021","format":false,"excerpt":"Che il Coronavirus abbia delle conseguenze non solo polmonari e cardiologiche, ma anche cerebrali, cognitive, emotive e comportamentali, \u00e8 storia ormai nota, tanto che parliamo di \u201cNeurocovid\u201d: infatti un numero significativo di pazienti dimessi dalla terapia intensiva presenta danni cerebrovascolari permanenti [1,2]. Sappiamo anche che i disturbi che questi pazienti\u2026","rel":"","context":"Articolo simile","block_context":{"text":"Articolo simile","link":""},"img":{"alt_text":"","src":"https:\/\/i0.wp.com\/www.neurotablet.com\/wp-content\/uploads\/2020\/10\/covid.jpg?resize=350%2C200&ssl=1","width":350,"height":200,"srcset":"https:\/\/i0.wp.com\/www.neurotablet.com\/wp-content\/uploads\/2020\/10\/covid.jpg?resize=350%2C200&ssl=1 1x, https:\/\/i0.wp.com\/www.neurotablet.com\/wp-content\/uploads\/2020\/10\/covid.jpg?resize=525%2C300&ssl=1 1.5x, https:\/\/i0.wp.com\/www.neurotablet.com\/wp-content\/uploads\/2020\/10\/covid.jpg?resize=700%2C400&ssl=1 2x, https:\/\/i0.wp.com\/www.neurotablet.com\/wp-content\/uploads\/2020\/10\/covid.jpg?resize=1050%2C600&ssl=1 3x"},"classes":[]},{"id":2326,"url":"https:\/\/www.neurotablet.com\/?p=2326","url_meta":{"origin":2979,"position":3},"title":"Il Neurotablet","author":"admin","date":"Giugno 14, 2016","format":false,"excerpt":"Le lesioni neurocognitive sono la conseguenza di danni al cervello: la particolarit\u00e0 di queste lesioni \u00e8 che anche se anche a volte la persona appare sana da fuori, in realt\u00e0 pu\u00f2 avere problemi nel comportamento e nella comprensione. Solitamente questi danni sono causati da ictus, ischemie oppure traumi cranici, ma\u2026","rel":"","context":"Articolo simile","block_context":{"text":"Articolo simile","link":""},"img":{"alt_text":"","src":"https:\/\/i0.wp.com\/www.neurotablet.com\/wp-content\/uploads\/2015\/10\/neurotabletprova.png?fit=1200%2C489&ssl=1&resize=350%2C200","width":350,"height":200,"srcset":"https:\/\/i0.wp.com\/www.neurotablet.com\/wp-content\/uploads\/2015\/10\/neurotabletprova.png?fit=1200%2C489&ssl=1&resize=350%2C200 1x, https:\/\/i0.wp.com\/www.neurotablet.com\/wp-content\/uploads\/2015\/10\/neurotabletprova.png?fit=1200%2C489&ssl=1&resize=525%2C300 1.5x, https:\/\/i0.wp.com\/www.neurotablet.com\/wp-content\/uploads\/2015\/10\/neurotabletprova.png?fit=1200%2C489&ssl=1&resize=700%2C400 2x, https:\/\/i0.wp.com\/www.neurotablet.com\/wp-content\/uploads\/2015\/10\/neurotabletprova.png?fit=1200%2C489&ssl=1&resize=1050%2C600 3x"},"classes":[]},{"id":2355,"url":"https:\/\/www.neurotablet.com\/?p=2355","url_meta":{"origin":2979,"position":4},"title":"I deficit di memoria","author":"admin","date":"Giugno 17, 2016","format":false,"excerpt":"I deficit di memoria possono essere causati da danni cerebrali, focali o diffusi, differentemente localizzati e possono colpire i diversi processi di memoria sopra descritti. In particolare, i danni alla memoria dichiarativa, ossia la rievocazione o riconoscimento consapevole di informazioni, hanno conseguenze pi\u00f9 invalidanti. Generalmente, tali deficit si distinguono in\u2026","rel":"","context":"Articolo simile","block_context":{"text":"Articolo simile","link":""},"img":{"alt_text":"","src":"https:\/\/i0.wp.com\/www.neurotablet.com\/wp-content\/uploads\/2016\/06\/memoria.jpg?fit=630%2C473&ssl=1&resize=350%2C200","width":350,"height":200,"srcset":"https:\/\/i0.wp.com\/www.neurotablet.com\/wp-content\/uploads\/2016\/06\/memoria.jpg?fit=630%2C473&ssl=1&resize=350%2C200 1x, https:\/\/i0.wp.com\/www.neurotablet.com\/wp-content\/uploads\/2016\/06\/memoria.jpg?fit=630%2C473&ssl=1&resize=525%2C300 1.5x"},"classes":[]},{"id":2608,"url":"https:\/\/www.neurotablet.com\/?p=2608","url_meta":{"origin":2979,"position":5},"title":"Deficit e riabilitazione della memoria","author":"admin","date":"Gennaio 26, 2018","format":false,"excerpt":"Memoria: cos'\u00e8? La memoria \u00e8 un insieme di processi essenziali per la nostra vita. Senza la memoria del passato non potremmo agire nel presente o pensare al futuro. Non saremmo capaci di ricordare cosa abbiamo fatto ieri, cosa abbiamo fatto oggi o cosa abbiamo pianificato per domani. Inoltre, senza di\u2026","rel":"","context":"In &quot;News&quot;","block_context":{"text":"News","link":"https:\/\/www.neurotablet.com\/?cat=9"},"img":{"alt_text":"memoria","src":"https:\/\/i0.wp.com\/www.neurotablet.com\/wp-content\/uploads\/2018\/01\/perdita-memoria.jpg?fit=800%2C800&ssl=1&resize=350%2C200","width":350,"height":200,"srcset":"https:\/\/i0.wp.com\/www.neurotablet.com\/wp-content\/uploads\/2018\/01\/perdita-memoria.jpg?fit=800%2C800&ssl=1&resize=350%2C200 1x, https:\/\/i0.wp.com\/www.neurotablet.com\/wp-content\/uploads\/2018\/01\/perdita-memoria.jpg?fit=800%2C800&ssl=1&resize=525%2C300 1.5x, https:\/\/i0.wp.com\/www.neurotablet.com\/wp-content\/uploads\/2018\/01\/perdita-memoria.jpg?fit=800%2C800&ssl=1&resize=700%2C400 2x"},"classes":[]}],"_links":{"self":[{"href":"https:\/\/www.neurotablet.com\/index.php?rest_route=\/wp\/v2\/posts\/2979","targetHints":{"allow":["GET"]}}],"collection":[{"href":"https:\/\/www.neurotablet.com\/index.php?rest_route=\/wp\/v2\/posts"}],"about":[{"href":"https:\/\/www.neurotablet.com\/index.php?rest_route=\/wp\/v2\/types\/post"}],"author":[{"embeddable":true,"href":"https:\/\/www.neurotablet.com\/index.php?rest_route=\/wp\/v2\/users\/1"}],"replies":[{"embeddable":true,"href":"https:\/\/www.neurotablet.com\/index.php?rest_route=%2Fwp%2Fv2%2Fcomments&post=2979"}],"version-history":[{"count":2,"href":"https:\/\/www.neurotablet.com\/index.php?rest_route=\/wp\/v2\/posts\/2979\/revisions"}],"predecessor-version":[{"id":2982,"href":"https:\/\/www.neurotablet.com\/index.php?rest_route=\/wp\/v2\/posts\/2979\/revisions\/2982"}],"wp:attachment":[{"href":"https:\/\/www.neurotablet.com\/index.php?rest_route=%2Fwp%2Fv2%2Fmedia&parent=2979"}],"wp:term":[{"taxonomy":"category","embeddable":true,"href":"https:\/\/www.neurotablet.com\/index.php?rest_route=%2Fwp%2Fv2%2Fcategories&post=2979"},{"taxonomy":"post_tag","embeddable":true,"href":"https:\/\/www.neurotablet.com\/index.php?rest_route=%2Fwp%2Fv2%2Ftags&post=2979"}],"curies":[{"name":"wp","href":"https:\/\/api.w.org\/{rel}","templated":true}]}}