{"id":3091,"date":"2021-08-11T07:54:01","date_gmt":"2021-08-11T07:54:01","guid":{"rendered":"http:\/\/www.neurotablet.com\/?p=3091"},"modified":"2021-08-11T07:56:16","modified_gmt":"2021-08-11T07:56:16","slug":"coronavirus-come-arriva-nel-cervello","status":"publish","type":"post","link":"https:\/\/www.neurotablet.com\/?p=3091","title":{"rendered":"CORONAVIRUS: COME ARRIVA NEL CERVELLO?"},"content":{"rendered":"\n<p>Sappiamo ormai che il Coronavirus ha\u00a0<strong>conseguenze<\/strong>\u00a0non solo polmonari e cardiologiche, ma anche\u00a0<strong>cerebrali <\/strong>(ne abbiamo parlato <a href=\"http:\/\/www.neurotablet.com\/danni-neurologici-da-covid-19-il-caso-di-l-a\/\" target=\"_blank\" rel=\"noreferrer noopener\">qui<\/a>)<strong>, cognitive, emotive e comportamentali<\/strong>. Anche dopo la guarigione un certo numero di pazienti manifesta reazioni neurologiche come stato confusionale, vertigini, mal di testa, perdita dell\u2019olfatto e del gusto, fino addirittura a conseguenze pi\u00f9 complesse come afasia e perdita della vista (Istituto Auxologico Italiano 2021).<\/p>\n\n\n\n<p><strong>Ma come arriva il virus nel cervello<\/strong>? Bulfamante e colleghi (2021) hanno provato a dare una risposta a questa domanda nel loro studio pubblicato sul<strong>\u00a0Journal of Neurology.<\/strong>\u00a0I ricercatori hanno ipotizzato che il virus potrebbe diffondersi attraverso il sistema nervoso, raggiungendo i centri respiratori nel tronco encefalico. Hanno perci\u00f2 valutato neuropatologicamente i danni strutturali del tronco encefalico in due pazienti COVID-19.<\/p>\n\n\n\n<p><\/p>\n\n\n\n<h3 class=\"wp-block-heading\"><strong>Lo studio<\/strong><\/h3>\n\n\n\n<p>I ricercatori hanno effettuato due autopsie su pazienti deceduti per COVID-19 e in due pazienti COVID-19 negativi come controlli.&nbsp;<\/p>\n\n\n\n<p>Le caratteristiche studiate sono state il danno neuronale e il numero di corpi amilacei, l&#8217;espressione immunoistochimica della nucleoproteina SARS-CoV-2 e l&#8217;antigene Iba-1 per l&#8217;attivazione gliale.<\/p>\n\n\n\n<p>Le autopsie hanno mostrato un&#8217;anatomia normale del tronco cerebrale, mentre \u00e8 stato rilevato un&nbsp;<strong>maggiore danno neuronale e numero di corpi amilacei nel midollo allungato<\/strong>&nbsp;dei pazienti Covid-19. Inoltre \u00e8 stata rilevata la presenza della SARS-CoV-2 NP nei neuroni del tronco cerebrale, nelle cellule gliali e nei nervi cranici. Gli elementi gliali hanno anche mostrato un aumento diffuso dell&#8217;espressione di Iba-1.&nbsp;<\/p>\n\n\n\n<p>La SARS-Co-V2 \u00e8 stata rilevata nelle\u00a0<strong>fibre del nervo vago.<\/strong><\/p>\n\n\n\n<p><\/p>\n\n\n\n<h3 class=\"wp-block-heading\"><strong>Le conclusioni<\/strong><\/h3>\n\n\n\n<p>I ricercatori concludono che la presenza della SARS-CoV-2 nel tronco cerebrale e il danno midollare nell&#8217;area dei centri respiratori suggerisce fortemente che la fisiopatologia dell&#8217;insufficienza respiratoria legata alla COVID-19 include una componente neurogenica. Il rilevamento della SARS-Co-V2 nel nervo vago potrebbe quindi spiegare il passaggio tra polmone e cervello.\u00a0<\/p>\n\n\n\n<p><\/p>\n\n\n\n<h4 class=\"wp-block-heading\"><strong>Fonti:<\/strong><\/h4>\n\n\n\n<ul class=\"wp-block-list\"><li>NeuroCovid: le manifestazioni neurologiche del Coronavirus. Istituto Auxologico Italiano 2021.<\/li><li>Bulfamante, G., Bocci, T., Falleni, M., Campiglio, L., Coppola, S., Tosi, D., \u2026 &amp; Priori, A. (2021).&nbsp;Brainstem neuropathology in two cases of COVID-19: SARS-CoV-2 trafficking between brain and lung.&nbsp;<em>Journal of Neurology<\/em>, 1-6.<\/li><\/ul>\n\n\n\n<p><strong>Dott.ssa Denise Magnago<\/strong><\/p>\n","protected":false},"excerpt":{"rendered":"<p>Sappiamo ormai che il Coronavirus ha\u00a0conseguenze\u00a0non solo polmonari e cardiologiche, ma anche\u00a0cerebrali (ne abbiamo parlato qui), cognitive, emotive e comportamentali. Anche dopo la guarigione un certo<span class=\"excerpt-hellip\"> [\u2026]<\/span><\/p>\n","protected":false},"author":1,"featured_media":3092,"comment_status":"closed","ping_status":"closed","sticky":false,"template":"","format":"standard","meta":{"jetpack_post_was_ever_published":false,"_jetpack_newsletter_access":"","_jetpack_dont_email_post_to_subs":false,"_jetpack_newsletter_tier_id":0,"_jetpack_memberships_contains_paywalled_content":false,"_jetpack_memberships_contains_paid_content":false,"footnotes":"","jetpack_publicize_message":"","jetpack_publicize_feature_enabled":true,"jetpack_social_post_already_shared":true,"jetpack_social_options":{"image_generator_settings":{"template":"highway","default_image_id":0,"font":"","enabled":false},"version":2}},"categories":[9],"tags":[],"class_list":["post-3091","post","type-post","status-publish","format-standard","has-post-thumbnail","hentry","category-news"],"yoast_head":"<!-- This site is optimized with the Yoast SEO plugin v26.2 - https:\/\/yoast.com\/wordpress\/plugins\/seo\/ -->\n<title>CORONAVIRUS: COME ARRIVA NEL CERVELLO? - Neurab<\/title>\n<meta name=\"description\" content=\"Sappiamo ormai che il Coronavirus ha conseguenze non solo polmonari e cardiologiche, ma anche cerebrali. Ma come arriva nel cervello?\" \/>\n<meta name=\"robots\" content=\"index, follow, max-snippet:-1, max-image-preview:large, max-video-preview:-1\" \/>\n<link rel=\"canonical\" href=\"https:\/\/www.neurotablet.com\/?p=3091\" \/>\n<meta property=\"og:locale\" content=\"it_IT\" \/>\n<meta property=\"og:type\" content=\"article\" \/>\n<meta property=\"og:title\" content=\"CORONAVIRUS: COME ARRIVA NEL CERVELLO? - Neurab\" \/>\n<meta property=\"og:description\" content=\"Sappiamo ormai che il Coronavirus ha conseguenze non solo polmonari e cardiologiche, ma anche cerebrali. Ma come arriva nel cervello?\" \/>\n<meta property=\"og:url\" content=\"https:\/\/www.neurotablet.com\/?p=3091\" \/>\n<meta property=\"og:site_name\" content=\"Neurotablet by Neurab\" \/>\n<meta property=\"article:published_time\" content=\"2021-08-11T07:54:01+00:00\" \/>\n<meta property=\"article:modified_time\" content=\"2021-08-11T07:56:16+00:00\" \/>\n<meta property=\"og:image\" content=\"https:\/\/i0.wp.com\/www.neurotablet.com\/wp-content\/uploads\/2021\/08\/coronavirus-scaled.jpg?fit=2560%2C1440&ssl=1\" \/>\n\t<meta property=\"og:image:width\" content=\"2560\" \/>\n\t<meta property=\"og:image:height\" content=\"1440\" \/>\n\t<meta property=\"og:image:type\" content=\"image\/jpeg\" \/>\n<meta name=\"author\" content=\"admin\" \/>\n<meta name=\"twitter:card\" content=\"summary_large_image\" \/>\n<meta name=\"twitter:label1\" content=\"Scritto da\" \/>\n\t<meta name=\"twitter:data1\" content=\"admin\" \/>\n\t<meta name=\"twitter:label2\" content=\"Tempo di lettura stimato\" \/>\n\t<meta name=\"twitter:data2\" content=\"2 minuti\" \/>\n<script type=\"application\/ld+json\" class=\"yoast-schema-graph\">{\"@context\":\"https:\/\/schema.org\",\"@graph\":[{\"@type\":\"WebPage\",\"@id\":\"https:\/\/www.neurotablet.com\/?p=3091\",\"url\":\"https:\/\/www.neurotablet.com\/?p=3091\",\"name\":\"CORONAVIRUS: COME ARRIVA NEL CERVELLO? - Neurab\",\"isPartOf\":{\"@id\":\"https:\/\/www.neurotablet.com\/#website\"},\"primaryImageOfPage\":{\"@id\":\"https:\/\/www.neurotablet.com\/?p=3091#primaryimage\"},\"image\":{\"@id\":\"https:\/\/www.neurotablet.com\/?p=3091#primaryimage\"},\"thumbnailUrl\":\"https:\/\/i0.wp.com\/www.neurotablet.com\/wp-content\/uploads\/2021\/08\/coronavirus-scaled.jpg?fit=2560%2C1440&ssl=1\",\"datePublished\":\"2021-08-11T07:54:01+00:00\",\"dateModified\":\"2021-08-11T07:56:16+00:00\",\"author\":{\"@id\":\"https:\/\/www.neurotablet.com\/#\/schema\/person\/37588eea76483a80ad799bb6abd2b5e7\"},\"description\":\"Sappiamo ormai che il Coronavirus ha conseguenze non solo polmonari e cardiologiche, ma anche cerebrali. Ma come arriva nel cervello?\",\"breadcrumb\":{\"@id\":\"https:\/\/www.neurotablet.com\/?p=3091#breadcrumb\"},\"inLanguage\":\"it-IT\",\"potentialAction\":[{\"@type\":\"ReadAction\",\"target\":[\"https:\/\/www.neurotablet.com\/?p=3091\"]}]},{\"@type\":\"ImageObject\",\"inLanguage\":\"it-IT\",\"@id\":\"https:\/\/www.neurotablet.com\/?p=3091#primaryimage\",\"url\":\"https:\/\/i0.wp.com\/www.neurotablet.com\/wp-content\/uploads\/2021\/08\/coronavirus-scaled.jpg?fit=2560%2C1440&ssl=1\",\"contentUrl\":\"https:\/\/i0.wp.com\/www.neurotablet.com\/wp-content\/uploads\/2021\/08\/coronavirus-scaled.jpg?fit=2560%2C1440&ssl=1\",\"width\":2560,\"height\":1440},{\"@type\":\"BreadcrumbList\",\"@id\":\"https:\/\/www.neurotablet.com\/?p=3091#breadcrumb\",\"itemListElement\":[{\"@type\":\"ListItem\",\"position\":1,\"name\":\"Home\",\"item\":\"https:\/\/www.neurotablet.com\/\"},{\"@type\":\"ListItem\",\"position\":2,\"name\":\"CORONAVIRUS: COME ARRIVA NEL CERVELLO?\"}]},{\"@type\":\"WebSite\",\"@id\":\"https:\/\/www.neurotablet.com\/#website\",\"url\":\"https:\/\/www.neurotablet.com\/\",\"name\":\"Neurotablet by Neurab\",\"description\":\"Il tablet per la riabilitazione a distanza\",\"potentialAction\":[{\"@type\":\"SearchAction\",\"target\":{\"@type\":\"EntryPoint\",\"urlTemplate\":\"https:\/\/www.neurotablet.com\/?s={search_term_string}\"},\"query-input\":{\"@type\":\"PropertyValueSpecification\",\"valueRequired\":true,\"valueName\":\"search_term_string\"}}],\"inLanguage\":\"it-IT\"},{\"@type\":\"Person\",\"@id\":\"https:\/\/www.neurotablet.com\/#\/schema\/person\/37588eea76483a80ad799bb6abd2b5e7\",\"name\":\"admin\",\"image\":{\"@type\":\"ImageObject\",\"inLanguage\":\"it-IT\",\"@id\":\"https:\/\/www.neurotablet.com\/#\/schema\/person\/image\/\",\"url\":\"https:\/\/secure.gravatar.com\/avatar\/e702a12059779f0e379a0bbd5debb2e661e4cfa6212fd05ac05e59e8852de9b9?s=96&d=mm&r=g\",\"contentUrl\":\"https:\/\/secure.gravatar.com\/avatar\/e702a12059779f0e379a0bbd5debb2e661e4cfa6212fd05ac05e59e8852de9b9?s=96&d=mm&r=g\",\"caption\":\"admin\"},\"url\":\"https:\/\/www.neurotablet.com\/?author=1\"}]}<\/script>\n<!-- \/ Yoast SEO plugin. -->","yoast_head_json":{"title":"CORONAVIRUS: COME ARRIVA NEL CERVELLO? - Neurab","description":"Sappiamo ormai che il Coronavirus ha conseguenze non solo polmonari e cardiologiche, ma anche cerebrali. Ma come arriva nel cervello?","robots":{"index":"index","follow":"follow","max-snippet":"max-snippet:-1","max-image-preview":"max-image-preview:large","max-video-preview":"max-video-preview:-1"},"canonical":"https:\/\/www.neurotablet.com\/?p=3091","og_locale":"it_IT","og_type":"article","og_title":"CORONAVIRUS: COME ARRIVA NEL CERVELLO? - Neurab","og_description":"Sappiamo ormai che il Coronavirus ha conseguenze non solo polmonari e cardiologiche, ma anche cerebrali. Ma come arriva nel cervello?","og_url":"https:\/\/www.neurotablet.com\/?p=3091","og_site_name":"Neurotablet by Neurab","article_published_time":"2021-08-11T07:54:01+00:00","article_modified_time":"2021-08-11T07:56:16+00:00","og_image":[{"width":2560,"height":1440,"url":"https:\/\/i0.wp.com\/www.neurotablet.com\/wp-content\/uploads\/2021\/08\/coronavirus-scaled.jpg?fit=2560%2C1440&ssl=1","type":"image\/jpeg"}],"author":"admin","twitter_card":"summary_large_image","twitter_misc":{"Scritto da":"admin","Tempo di lettura stimato":"2 minuti"},"schema":{"@context":"https:\/\/schema.org","@graph":[{"@type":"WebPage","@id":"https:\/\/www.neurotablet.com\/?p=3091","url":"https:\/\/www.neurotablet.com\/?p=3091","name":"CORONAVIRUS: COME ARRIVA NEL CERVELLO? - Neurab","isPartOf":{"@id":"https:\/\/www.neurotablet.com\/#website"},"primaryImageOfPage":{"@id":"https:\/\/www.neurotablet.com\/?p=3091#primaryimage"},"image":{"@id":"https:\/\/www.neurotablet.com\/?p=3091#primaryimage"},"thumbnailUrl":"https:\/\/i0.wp.com\/www.neurotablet.com\/wp-content\/uploads\/2021\/08\/coronavirus-scaled.jpg?fit=2560%2C1440&ssl=1","datePublished":"2021-08-11T07:54:01+00:00","dateModified":"2021-08-11T07:56:16+00:00","author":{"@id":"https:\/\/www.neurotablet.com\/#\/schema\/person\/37588eea76483a80ad799bb6abd2b5e7"},"description":"Sappiamo ormai che il Coronavirus ha conseguenze non solo polmonari e cardiologiche, ma anche cerebrali. Ma come arriva nel cervello?","breadcrumb":{"@id":"https:\/\/www.neurotablet.com\/?p=3091#breadcrumb"},"inLanguage":"it-IT","potentialAction":[{"@type":"ReadAction","target":["https:\/\/www.neurotablet.com\/?p=3091"]}]},{"@type":"ImageObject","inLanguage":"it-IT","@id":"https:\/\/www.neurotablet.com\/?p=3091#primaryimage","url":"https:\/\/i0.wp.com\/www.neurotablet.com\/wp-content\/uploads\/2021\/08\/coronavirus-scaled.jpg?fit=2560%2C1440&ssl=1","contentUrl":"https:\/\/i0.wp.com\/www.neurotablet.com\/wp-content\/uploads\/2021\/08\/coronavirus-scaled.jpg?fit=2560%2C1440&ssl=1","width":2560,"height":1440},{"@type":"BreadcrumbList","@id":"https:\/\/www.neurotablet.com\/?p=3091#breadcrumb","itemListElement":[{"@type":"ListItem","position":1,"name":"Home","item":"https:\/\/www.neurotablet.com\/"},{"@type":"ListItem","position":2,"name":"CORONAVIRUS: COME ARRIVA NEL CERVELLO?"}]},{"@type":"WebSite","@id":"https:\/\/www.neurotablet.com\/#website","url":"https:\/\/www.neurotablet.com\/","name":"Neurotablet by Neurab","description":"Il tablet per la riabilitazione a distanza","potentialAction":[{"@type":"SearchAction","target":{"@type":"EntryPoint","urlTemplate":"https:\/\/www.neurotablet.com\/?s={search_term_string}"},"query-input":{"@type":"PropertyValueSpecification","valueRequired":true,"valueName":"search_term_string"}}],"inLanguage":"it-IT"},{"@type":"Person","@id":"https:\/\/www.neurotablet.com\/#\/schema\/person\/37588eea76483a80ad799bb6abd2b5e7","name":"admin","image":{"@type":"ImageObject","inLanguage":"it-IT","@id":"https:\/\/www.neurotablet.com\/#\/schema\/person\/image\/","url":"https:\/\/secure.gravatar.com\/avatar\/e702a12059779f0e379a0bbd5debb2e661e4cfa6212fd05ac05e59e8852de9b9?s=96&d=mm&r=g","contentUrl":"https:\/\/secure.gravatar.com\/avatar\/e702a12059779f0e379a0bbd5debb2e661e4cfa6212fd05ac05e59e8852de9b9?s=96&d=mm&r=g","caption":"admin"},"url":"https:\/\/www.neurotablet.com\/?author=1"}]}},"jetpack_publicize_connections":[],"jetpack_featured_media_url":"https:\/\/i0.wp.com\/www.neurotablet.com\/wp-content\/uploads\/2021\/08\/coronavirus-scaled.jpg?fit=2560%2C1440&ssl=1","jetpack_sharing_enabled":true,"jetpack_shortlink":"https:\/\/wp.me\/p7vm2r-NR","jetpack-related-posts":[{"id":3028,"url":"https:\/\/www.neurotablet.com\/?p=3028","url_meta":{"origin":3091,"position":0},"title":"PERCH\u00c8 IL COVID AUMENTA IL RISCHIO DI ICTUS: I PRIMI RISULTATI","author":"admin","date":"Gennaio 14, 2021","format":false,"excerpt":"Che il Coronavirus abbia delle conseguenze non solo polmonari e cardiologiche, ma anche cerebrali, cognitive, emotive e comportamentali, \u00e8 storia ormai nota, tanto che parliamo di \u201cNeurocovid\u201d: infatti un numero significativo di pazienti dimessi dalla terapia intensiva presenta danni cerebrovascolari permanenti [1,2]. Sappiamo anche che i disturbi che questi pazienti\u2026","rel":"","context":"Articolo simile","block_context":{"text":"Articolo simile","link":""},"img":{"alt_text":"","src":"https:\/\/i0.wp.com\/www.neurotablet.com\/wp-content\/uploads\/2020\/10\/covid.jpg?resize=350%2C200&ssl=1","width":350,"height":200,"srcset":"https:\/\/i0.wp.com\/www.neurotablet.com\/wp-content\/uploads\/2020\/10\/covid.jpg?resize=350%2C200&ssl=1 1x, https:\/\/i0.wp.com\/www.neurotablet.com\/wp-content\/uploads\/2020\/10\/covid.jpg?resize=525%2C300&ssl=1 1.5x, https:\/\/i0.wp.com\/www.neurotablet.com\/wp-content\/uploads\/2020\/10\/covid.jpg?resize=700%2C400&ssl=1 2x, https:\/\/i0.wp.com\/www.neurotablet.com\/wp-content\/uploads\/2020\/10\/covid.jpg?resize=1050%2C600&ssl=1 3x"},"classes":[]},{"id":2921,"url":"https:\/\/www.neurotablet.com\/?p=2921","url_meta":{"origin":3091,"position":1},"title":"Neurocovid: Aspetti neurologici e neuropsicologici dell&#8217;infezione da Covid-19","author":"admin","date":"Giugno 9, 2020","format":false,"excerpt":"Non solo danni polmonari: si \u00e8 osservato che il nuovo Coronavirus ha un impatto anche sul cervello, sugli aspetti cognitivi, emotivi e comportamentali, tanto che si parla di \"Neurocovid\". Una prima analisi per riflettere sulla situazione attuale e sul futuro\u00a0 Grazie alla fine, in questo periodo, della \u201cfase emergenziale Covid-19\u201d\u2026","rel":"","context":"In &quot;News&quot;","block_context":{"text":"News","link":"https:\/\/www.neurotablet.com\/?cat=9"},"img":{"alt_text":"","src":"https:\/\/i0.wp.com\/www.neurotablet.com\/wp-content\/uploads\/2020\/06\/neurocovid.jpg?fit=800%2C450&ssl=1&resize=350%2C200","width":350,"height":200,"srcset":"https:\/\/i0.wp.com\/www.neurotablet.com\/wp-content\/uploads\/2020\/06\/neurocovid.jpg?fit=800%2C450&ssl=1&resize=350%2C200 1x, https:\/\/i0.wp.com\/www.neurotablet.com\/wp-content\/uploads\/2020\/06\/neurocovid.jpg?fit=800%2C450&ssl=1&resize=525%2C300 1.5x, https:\/\/i0.wp.com\/www.neurotablet.com\/wp-content\/uploads\/2020\/06\/neurocovid.jpg?fit=800%2C450&ssl=1&resize=700%2C400 2x"},"classes":[]},{"id":2649,"url":"https:\/\/www.neurotablet.com\/?p=2649","url_meta":{"origin":3091,"position":2},"title":"Alzheimer: scoperta una possibile nuova causa","author":"admin","date":"Luglio 9, 2018","format":false,"excerpt":"Alzheimer e Virus dell'herpes Una serie di nuovi articoli pubblicati di recente punta verso un responsabile inaspettato per la malattia di Alzheimer: il virus dell\u2019herpes (Human Herpesvirus, HHV). La causa del morbo non sarebbe per\u00f2 l\u2019azione diretta del virus, ma la reazione delle cellule cerebrali all\u2019infezione. In particolare, i ricercatori\u2026","rel":"","context":"In &quot;News&quot;","block_context":{"text":"News","link":"https:\/\/www.neurotablet.com\/?cat=9"},"img":{"alt_text":"","src":"https:\/\/i0.wp.com\/www.neurotablet.com\/wp-content\/uploads\/2018\/07\/Alzheimer.jpg?fit=1200%2C790&ssl=1&resize=350%2C200","width":350,"height":200,"srcset":"https:\/\/i0.wp.com\/www.neurotablet.com\/wp-content\/uploads\/2018\/07\/Alzheimer.jpg?fit=1200%2C790&ssl=1&resize=350%2C200 1x, https:\/\/i0.wp.com\/www.neurotablet.com\/wp-content\/uploads\/2018\/07\/Alzheimer.jpg?fit=1200%2C790&ssl=1&resize=525%2C300 1.5x, https:\/\/i0.wp.com\/www.neurotablet.com\/wp-content\/uploads\/2018\/07\/Alzheimer.jpg?fit=1200%2C790&ssl=1&resize=700%2C400 2x, https:\/\/i0.wp.com\/www.neurotablet.com\/wp-content\/uploads\/2018\/07\/Alzheimer.jpg?fit=1200%2C790&ssl=1&resize=1050%2C600 3x"},"classes":[]},{"id":2326,"url":"https:\/\/www.neurotablet.com\/?p=2326","url_meta":{"origin":3091,"position":3},"title":"Il Neurotablet","author":"admin","date":"Giugno 14, 2016","format":false,"excerpt":"Le lesioni neurocognitive sono la conseguenza di danni al cervello: la particolarit\u00e0 di queste lesioni \u00e8 che anche se anche a volte la persona appare sana da fuori, in realt\u00e0 pu\u00f2 avere problemi nel comportamento e nella comprensione. Solitamente questi danni sono causati da ictus, ischemie oppure traumi cranici, ma\u2026","rel":"","context":"Articolo simile","block_context":{"text":"Articolo simile","link":""},"img":{"alt_text":"","src":"https:\/\/i0.wp.com\/www.neurotablet.com\/wp-content\/uploads\/2015\/10\/neurotabletprova.png?fit=1200%2C489&ssl=1&resize=350%2C200","width":350,"height":200,"srcset":"https:\/\/i0.wp.com\/www.neurotablet.com\/wp-content\/uploads\/2015\/10\/neurotabletprova.png?fit=1200%2C489&ssl=1&resize=350%2C200 1x, https:\/\/i0.wp.com\/www.neurotablet.com\/wp-content\/uploads\/2015\/10\/neurotabletprova.png?fit=1200%2C489&ssl=1&resize=525%2C300 1.5x, https:\/\/i0.wp.com\/www.neurotablet.com\/wp-content\/uploads\/2015\/10\/neurotabletprova.png?fit=1200%2C489&ssl=1&resize=700%2C400 2x, https:\/\/i0.wp.com\/www.neurotablet.com\/wp-content\/uploads\/2015\/10\/neurotabletprova.png?fit=1200%2C489&ssl=1&resize=1050%2C600 3x"},"classes":[]},{"id":2877,"url":"https:\/\/www.neurotablet.com\/?p=2877","url_meta":{"origin":3091,"position":4},"title":"LA TELEMEDICINA PER FAR FRONTE ALL\u2019EMERGENZA CORONAVIRUS","author":"admin","date":"Marzo 24, 2020","format":false,"excerpt":"Stiamo vivendo un periodo di emergenza che sta mettendo a dura prova il nostro intero mondo: sociale, sanitario, economico, psicologico. La nostra quotidianit\u00e0 \u00e8 completamente cambiata nelle ultime 2 settimane, le nostre libert\u00e0 sono state limitate, le nostre attivit\u00e0 come palestra, corsi, lezioni annullate\u2026 Questa situazione ha messo in difficolt\u00e0\u2026","rel":"","context":"In &quot;News&quot;","block_context":{"text":"News","link":"https:\/\/www.neurotablet.com\/?cat=9"},"img":{"alt_text":"","src":"https:\/\/i0.wp.com\/www.neurotablet.com\/wp-content\/uploads\/2015\/10\/neurotabletprova.png?fit=1200%2C489&ssl=1&resize=350%2C200","width":350,"height":200,"srcset":"https:\/\/i0.wp.com\/www.neurotablet.com\/wp-content\/uploads\/2015\/10\/neurotabletprova.png?fit=1200%2C489&ssl=1&resize=350%2C200 1x, https:\/\/i0.wp.com\/www.neurotablet.com\/wp-content\/uploads\/2015\/10\/neurotabletprova.png?fit=1200%2C489&ssl=1&resize=525%2C300 1.5x, https:\/\/i0.wp.com\/www.neurotablet.com\/wp-content\/uploads\/2015\/10\/neurotabletprova.png?fit=1200%2C489&ssl=1&resize=700%2C400 2x, https:\/\/i0.wp.com\/www.neurotablet.com\/wp-content\/uploads\/2015\/10\/neurotabletprova.png?fit=1200%2C489&ssl=1&resize=1050%2C600 3x"},"classes":[]},{"id":2916,"url":"https:\/\/www.neurotablet.com\/?p=2916","url_meta":{"origin":3091,"position":5},"title":"PAZIENTI NEUROLOGICI SENZA CURE ADEGUATE A CAUSA DEL CORONAVIRUS","author":"admin","date":"Giugno 1, 2020","format":false,"excerpt":"Se non si accede tempestivamente alle cure e senza un opportuno percorso di riabilitazione le conseguenze neurologiche potrebbero essere gravissime, come disabilit\u00e0 severa o addirittura morte: ecco perch\u00e8 ora pi\u00f9 che mai \u00e8 necessario sfruttare la tecnologia che permette di svolgere la riabilitazione direttamente da casa. Durante il lockdown Neurab\u2026","rel":"","context":"In &quot;News&quot;","block_context":{"text":"News","link":"https:\/\/www.neurotablet.com\/?cat=9"},"img":{"alt_text":"","src":"https:\/\/i0.wp.com\/www.neurotablet.com\/wp-content\/uploads\/2020\/06\/paziente-ictus.jpg?fit=1020%2C533&ssl=1&resize=350%2C200","width":350,"height":200,"srcset":"https:\/\/i0.wp.com\/www.neurotablet.com\/wp-content\/uploads\/2020\/06\/paziente-ictus.jpg?fit=1020%2C533&ssl=1&resize=350%2C200 1x, https:\/\/i0.wp.com\/www.neurotablet.com\/wp-content\/uploads\/2020\/06\/paziente-ictus.jpg?fit=1020%2C533&ssl=1&resize=525%2C300 1.5x, https:\/\/i0.wp.com\/www.neurotablet.com\/wp-content\/uploads\/2020\/06\/paziente-ictus.jpg?fit=1020%2C533&ssl=1&resize=700%2C400 2x"},"classes":[]}],"_links":{"self":[{"href":"https:\/\/www.neurotablet.com\/index.php?rest_route=\/wp\/v2\/posts\/3091","targetHints":{"allow":["GET"]}}],"collection":[{"href":"https:\/\/www.neurotablet.com\/index.php?rest_route=\/wp\/v2\/posts"}],"about":[{"href":"https:\/\/www.neurotablet.com\/index.php?rest_route=\/wp\/v2\/types\/post"}],"author":[{"embeddable":true,"href":"https:\/\/www.neurotablet.com\/index.php?rest_route=\/wp\/v2\/users\/1"}],"replies":[{"embeddable":true,"href":"https:\/\/www.neurotablet.com\/index.php?rest_route=%2Fwp%2Fv2%2Fcomments&post=3091"}],"version-history":[{"count":2,"href":"https:\/\/www.neurotablet.com\/index.php?rest_route=\/wp\/v2\/posts\/3091\/revisions"}],"predecessor-version":[{"id":3094,"href":"https:\/\/www.neurotablet.com\/index.php?rest_route=\/wp\/v2\/posts\/3091\/revisions\/3094"}],"wp:featuredmedia":[{"embeddable":true,"href":"https:\/\/www.neurotablet.com\/index.php?rest_route=\/wp\/v2\/media\/3092"}],"wp:attachment":[{"href":"https:\/\/www.neurotablet.com\/index.php?rest_route=%2Fwp%2Fv2%2Fmedia&parent=3091"}],"wp:term":[{"taxonomy":"category","embeddable":true,"href":"https:\/\/www.neurotablet.com\/index.php?rest_route=%2Fwp%2Fv2%2Fcategories&post=3091"},{"taxonomy":"post_tag","embeddable":true,"href":"https:\/\/www.neurotablet.com\/index.php?rest_route=%2Fwp%2Fv2%2Ftags&post=3091"}],"curies":[{"name":"wp","href":"https:\/\/api.w.org\/{rel}","templated":true}]}}